{"id":56377,"date":"2018-11-11T14:40:55","date_gmt":"2018-11-11T12:40:55","guid":{"rendered":"https:\/\/www.giurgiuveanul.ro\/stiri\/?p=56377"},"modified":"2018-11-11T14:40:55","modified_gmt":"2018-11-11T12:40:55","slug":"intre-doua-prepozitii","status":"publish","type":"post","link":"https:\/\/www.giurgiuveanul.ro\/stiri\/intre-doua-prepozitii\/","title":{"rendered":"\u00centre dou\u0103 prepozi\u0163ii"},"content":{"rendered":"<p style=\"text-align: justify;\"><a href=\"https:\/\/www.giurgiuveanul.ro\/stiri\/wp-content\/uploads\/2018\/11\/Valiza-cu-dolari.png\"><img loading=\"lazy\" decoding=\"async\" class=\"aligncenter size-large wp-image-56378\" src=\"https:\/\/www.giurgiuveanul.ro\/stiri\/wp-content\/uploads\/2018\/11\/Valiza-cu-dolari-560x372.png\" alt=\"Valiza cu dolari\" width=\"560\" height=\"372\" srcset=\"https:\/\/www.giurgiuveanul.ro\/stiri\/wp-content\/uploads\/2018\/11\/Valiza-cu-dolari-560x372.png 560w, https:\/\/www.giurgiuveanul.ro\/stiri\/wp-content\/uploads\/2018\/11\/Valiza-cu-dolari-250x166.png 250w, https:\/\/www.giurgiuveanul.ro\/stiri\/wp-content\/uploads\/2018\/11\/Valiza-cu-dolari-400x266.png 400w, https:\/\/www.giurgiuveanul.ro\/stiri\/wp-content\/uploads\/2018\/11\/Valiza-cu-dolari.png 800w\" sizes=\"auto, (max-width: 560px) 100vw, 560px\" \/><\/a>Aveam de <!--more-->discutat la club tema\u00a0 MILA. \u015ei cum tema fixat\u0103 era extrem de vast\u0103 \u015fi cu implica\u0163ii contextuale diverse,\u00a0 ne-am oprit la sintagma <strong><em>La mila Domnului, \u00cen mila Domnului! <\/em>Am citit, \u00een lectura unei colege care descifreaz\u0103 inspirat tonul adecvat poeziei, poezia lui Eminescu <em>Dintre sute de catarge.<\/em><\/strong> Reac\u0163ia colegilor a fost de surpriz\u0103 la -nceput, apoi de curiozitate!<\/p>\n<p style=\"text-align: justify;\">Textul poeziei citite nu avea nicio leg\u0103tur\u0103 cu sensul sintagmei asupra c\u0103reia ne oprisem!<\/p>\n<p style=\"text-align: justify;\">Am\u00a0 citit\u00a0 apoi textul \u00eensemn\u0103rii pe facebook a unui director de colegiu, unul dintre cele mai renumite din \u0163ar\u0103<em>: \u2026dintre sute de valize ar\u0103tate na\u0163iei \/ C\u00e2te vor schimba \u00een bine soarta EDUCA\u0162IEI?<\/em><\/p>\n<p style=\"text-align: justify;\">Prima reac\u0163ie a colegilor: au r\u00e2s, au f\u0103cut leg\u0103tur\u0103 pe moment cu o valiz\u0103 despre care tot auziser\u0103 la televizor.<\/p>\n<p style=\"text-align: justify;\"><em>-Nu e de r\u00e2s,<\/em> le-am zis! \u015ei le-am citit dou\u0103 post\u0103ri.<\/p>\n<p style=\"text-align: justify;\"><em>&#8211; P\u0103c\u0103tos \u00ee\u0163i \u00a0este g\u00e2ndul \/Insinuante g\u00e2ndurile \/ Tu urmeaz\u0103 \u00een tot locul \/ Valurile v\u00e2nturile<\/em> \u015fi <em>Valiza pus\u0103 la u\u015f\u0103\u00a0 gata de emigrare<\/em>!<\/p>\n<p style=\"text-align: justify;\">Ca ni\u015fte elevi silitori de la o clas\u0103 de umani\u015fti care descifreaz\u0103 un text supus discu\u0163iei de un profesor care-\u015fi cunoa\u015fte bine elevii, to\u0163i au sesizat c\u0103 \u00eensemnarea directorului amintit nu are\u00a0 nimic cu cancanul de pres\u0103 din ultimele zile despre \u2026o valiz\u0103!<\/p>\n<p style=\"text-align: justify;\">&#8211;<em>\u00cencerc s\u0103 citesc posatrea respectiv\u0103 \u00eentr-o cheie proprie! Departe de a fi doar o parodie a unor versuri ,\u015fi nu \u00eent\u00e2mpl\u0103tor ale lui Eminescu, \u00eensemnarea , \u00eencheiat\u0103 cu o interoga\u0163ie retoric\u0103.\u00eendeamn\u0103 la medita\u0163ie. S\u0103 fim aten\u0163i c\u0103, \u015fi nu \u00eent\u00e2mpl\u0103tor, cuv\u00e2ntul EDUCA\u0162IE, scris cu majuscul\u0103, este cel care constituie miezul comunic\u0103rii.Sutele de valize, ar\u0103tate doar, na\u0163iei, au fost sim\u0163ite imediat ca metafore pentru promisiunile f\u0103cute \u00a0cu privire la EDUCA\u0162IE, , domeniu pe care to\u0163i iubitorii de copii \u015fi, evident, de \u015fcoal\u0103 \u00eel vor schimbat! Dar, aten\u0163ie la detaliul present \u00een postare, \u00eel vo schimbat <span style=\"text-decoration: underline;\">\u00een bine! <\/span><\/em><\/p>\n<p style=\"text-align: justify;\">S-a discutat mult, cu calm \u015fi luciditate! Cu g\u00e2ndul doar la EDUCA\u0162IA copiilor care trebuie s\u0103 fie prioritate na\u0163ional\u0103.Cu g\u00e2ndul la to\u0163i cei care\u00a0 tr\u0103iesc nelini\u015fti c\u00e2nd se comunic\u0103 official c\u0103 peste 160.000 de copii sunt f\u0103r\u0103 un p\u0103rinte, care este plecat \u00een str\u0103in\u0103tate! Cu durere c\u00e2nd aud c\u0103 anumi\u0163i medici vorbesc de un nou diagnostic la copii: copii bolnavi de \u2026dorul de mam\u0103!<\/p>\n<p style=\"text-align: justify;\">De nivelul de educa\u0163ie al copiilor no\u015ftri depinde viitorul \u0163\u0103rii!<\/p>\n<p style=\"text-align: justify;\">Apreciindu-se ceea ce NU s-a f\u0103cut \u00een domeniul EDUCA\u0162IEI \u015fi, consecin\u0163\u0103 direct\u0103, al\u00a0 INSTRUC\u0162IEI, s-a tras concluzia\u2026 dar, \u00eencurc\u0103tur\u0103!, colegii nu au ajuns la\u00a0 o p\u0103rere comun\u0103: s\u0103 zic\u0103: EDUCA\u0162IA a r\u0103mas\u00a0<strong><span style=\"text-decoration: underline;\">\u00ceN <\/span><\/strong>mila Domnului sau <strong><span style=\"text-decoration: underline;\">LA<\/span><\/strong> mila Domnului!<\/p>\n<p style=\"text-align: justify;\">Desigur, despre E D U C A \u0162 I E e vorba!<\/p>\n<p style=\"text-align: justify;\">Not\u0103: Deloc nostalgici, ne bucur\u0103 c\u00e2nd fo\u015fti elevi, acum p\u0103rin\u0163i, ne spun: &#8211;<em>Domnule profesor, pe timpul nostru se f\u0103cea mai mult\u0103 \u015fcoal\u0103! \u015ei era mai mult\u0103 disciplin\u0103!&#8230;<\/em><\/p>\n<p style=\"text-align: center;\">Gh.C.Br.<\/p>\n","protected":false},"excerpt":{"rendered":"<p>Aveam de<\/p>\n","protected":false},"author":1,"featured_media":0,"comment_status":"open","ping_status":"open","sticky":false,"template":"","format":"standard","meta":{"footnotes":""},"categories":[21],"tags":[],"class_list":["post-56377","post","type-post","status-publish","format-standard","hentry","category-opinia-mea"],"_links":{"self":[{"href":"https:\/\/www.giurgiuveanul.ro\/stiri\/wp-json\/wp\/v2\/posts\/56377","targetHints":{"allow":["GET"]}}],"collection":[{"href":"https:\/\/www.giurgiuveanul.ro\/stiri\/wp-json\/wp\/v2\/posts"}],"about":[{"href":"https:\/\/www.giurgiuveanul.ro\/stiri\/wp-json\/wp\/v2\/types\/post"}],"author":[{"embeddable":true,"href":"https:\/\/www.giurgiuveanul.ro\/stiri\/wp-json\/wp\/v2\/users\/1"}],"replies":[{"embeddable":true,"href":"https:\/\/www.giurgiuveanul.ro\/stiri\/wp-json\/wp\/v2\/comments?post=56377"}],"version-history":[{"count":0,"href":"https:\/\/www.giurgiuveanul.ro\/stiri\/wp-json\/wp\/v2\/posts\/56377\/revisions"}],"wp:attachment":[{"href":"https:\/\/www.giurgiuveanul.ro\/stiri\/wp-json\/wp\/v2\/media?parent=56377"}],"wp:term":[{"taxonomy":"category","embeddable":true,"href":"https:\/\/www.giurgiuveanul.ro\/stiri\/wp-json\/wp\/v2\/categories?post=56377"},{"taxonomy":"post_tag","embeddable":true,"href":"https:\/\/www.giurgiuveanul.ro\/stiri\/wp-json\/wp\/v2\/tags?post=56377"}],"curies":[{"name":"wp","href":"https:\/\/api.w.org\/{rel}","templated":true}]}}