{"id":56405,"date":"2018-11-13T09:33:06","date_gmt":"2018-11-13T07:33:06","guid":{"rendered":"https:\/\/www.giurgiuveanul.ro\/stiri\/?p=56405"},"modified":"2018-11-13T09:33:06","modified_gmt":"2018-11-13T07:33:06","slug":"sarbatoritul-zilei-la-multi-ani-domnule-primar-nicolae-barbu","status":"publish","type":"post","link":"https:\/\/www.giurgiuveanul.ro\/stiri\/sarbatoritul-zilei-la-multi-ani-domnule-primar-nicolae-barbu\/","title":{"rendered":"S\u0103rb\u0103toritul zilei! La Mul\u0163i Ani, domnule primar Nicolae Barbu!"},"content":{"rendered":"<p style=\"text-align: justify;\"><a href=\"https:\/\/www.giurgiuveanul.ro\/stiri\/wp-content\/uploads\/2018\/11\/Nicolae-Barbu-9-mai-2013-560x437.jpg\"><img loading=\"lazy\" decoding=\"async\" class=\"aligncenter size-large wp-image-56406\" src=\"https:\/\/www.giurgiuveanul.ro\/stiri\/wp-content\/uploads\/2018\/11\/Nicolae-Barbu-9-mai-2013-560x437-509x450.jpg\" alt=\"Nicolae-Barbu-9-mai-2013-560x437\" width=\"509\" height=\"450\" srcset=\"https:\/\/www.giurgiuveanul.ro\/stiri\/wp-content\/uploads\/2018\/11\/Nicolae-Barbu-9-mai-2013-560x437-509x450.jpg 509w, https:\/\/www.giurgiuveanul.ro\/stiri\/wp-content\/uploads\/2018\/11\/Nicolae-Barbu-9-mai-2013-560x437-250x221.jpg 250w, https:\/\/www.giurgiuveanul.ro\/stiri\/wp-content\/uploads\/2018\/11\/Nicolae-Barbu-9-mai-2013-560x437-400x354.jpg 400w, https:\/\/www.giurgiuveanul.ro\/stiri\/wp-content\/uploads\/2018\/11\/Nicolae-Barbu-9-mai-2013-560x437.jpg 800w\" sizes=\"auto, (max-width: 509px) 100vw, 509px\" \/><\/a>Ast\u0103zi,<!--more--> 13 noiembrie, primarul municipiului Giurgiu, Nicolae Barbu, \u00eempline\u015fte 53 de ani.<\/p>\n<p style=\"text-align: justify;\">Cu aceast\u0103 ocazie, redac\u0163ia \u201eGiurgiuveanul\u201d v\u0103 adreseaz\u0103, domnule primar, cele mai sincere felicit\u0103ri \u015fi ur\u0103ri de bine. S\u0103n\u0103tate, curaj, putere de munc\u0103 \u015fi reu\u015fit\u0103 deplin\u0103 \u00een toate proiectele profesionale \u015fi personale!<\/p>\n<p style=\"text-align: justify;\"><em>La Mul\u0163i Ani, domnule primar Nicolae Barbu!<\/em><\/p>\n","protected":false},"excerpt":{"rendered":"<p>Ast\u0103zi,<\/p>\n","protected":false},"author":1,"featured_media":0,"comment_status":"open","ping_status":"open","sticky":false,"template":"","format":"standard","meta":{"footnotes":""},"categories":[16],"tags":[],"class_list":["post-56405","post","type-post","status-publish","format-standard","hentry","category-astazi-e-ziua-ta"],"_links":{"self":[{"href":"https:\/\/www.giurgiuveanul.ro\/stiri\/wp-json\/wp\/v2\/posts\/56405","targetHints":{"allow":["GET"]}}],"collection":[{"href":"https:\/\/www.giurgiuveanul.ro\/stiri\/wp-json\/wp\/v2\/posts"}],"about":[{"href":"https:\/\/www.giurgiuveanul.ro\/stiri\/wp-json\/wp\/v2\/types\/post"}],"author":[{"embeddable":true,"href":"https:\/\/www.giurgiuveanul.ro\/stiri\/wp-json\/wp\/v2\/users\/1"}],"replies":[{"embeddable":true,"href":"https:\/\/www.giurgiuveanul.ro\/stiri\/wp-json\/wp\/v2\/comments?post=56405"}],"version-history":[{"count":0,"href":"https:\/\/www.giurgiuveanul.ro\/stiri\/wp-json\/wp\/v2\/posts\/56405\/revisions"}],"wp:attachment":[{"href":"https:\/\/www.giurgiuveanul.ro\/stiri\/wp-json\/wp\/v2\/media?parent=56405"}],"wp:term":[{"taxonomy":"category","embeddable":true,"href":"https:\/\/www.giurgiuveanul.ro\/stiri\/wp-json\/wp\/v2\/categories?post=56405"},{"taxonomy":"post_tag","embeddable":true,"href":"https:\/\/www.giurgiuveanul.ro\/stiri\/wp-json\/wp\/v2\/tags?post=56405"}],"curies":[{"name":"wp","href":"https:\/\/api.w.org\/{rel}","templated":true}]}}