{"id":56577,"date":"2018-11-22T10:35:21","date_gmt":"2018-11-22T08:35:21","guid":{"rendered":"https:\/\/www.giurgiuveanul.ro\/stiri\/?p=56577"},"modified":"2018-11-22T10:35:21","modified_gmt":"2018-11-22T08:35:21","slug":"sincer-la-multi-ani-pentru-maiorul-radu-covaci-inspectorul-sef-al-isu-giurgiu","status":"publish","type":"post","link":"https:\/\/www.giurgiuveanul.ro\/stiri\/sincer-la-multi-ani-pentru-maiorul-radu-covaci-inspectorul-sef-al-isu-giurgiu\/","title":{"rendered":"Un sincer \u201dLa Mul\u021bi Ani\u201d&#8230; pentru maiorul Radu Covaci, inspectorul \u015fef al ISU Giurgiu!"},"content":{"rendered":"<p style=\"text-align: justify;\"><a href=\"https:\/\/www.giurgiuveanul.ro\/stiri\/wp-content\/uploads\/2018\/11\/Radu-Covaci.jpg\"><img loading=\"lazy\" decoding=\"async\" class=\"aligncenter size-large wp-image-56578\" src=\"https:\/\/www.giurgiuveanul.ro\/stiri\/wp-content\/uploads\/2018\/11\/Radu-Covaci-528x450.jpg\" alt=\"Radu Covaci\" width=\"528\" height=\"450\" srcset=\"https:\/\/www.giurgiuveanul.ro\/stiri\/wp-content\/uploads\/2018\/11\/Radu-Covaci-528x450.jpg 528w, https:\/\/www.giurgiuveanul.ro\/stiri\/wp-content\/uploads\/2018\/11\/Radu-Covaci-250x213.jpg 250w, https:\/\/www.giurgiuveanul.ro\/stiri\/wp-content\/uploads\/2018\/11\/Radu-Covaci-400x341.jpg 400w, https:\/\/www.giurgiuveanul.ro\/stiri\/wp-content\/uploads\/2018\/11\/Radu-Covaci.jpg 800w\" sizes=\"auto, (max-width: 528px) 100vw, 528px\" \/><\/a>Ast\u0103zi, 22 noiembrie, este<!--more--> ziua de na\u0219tere a domnului maior Radu Covaci \u2013 inspectorul \u015fef al Inspectoratului pentru Situa\u0163ii de Urgen\u0163\u0103 \u201eVla\u015fca\u201d al jude\u0163ului Giurgiu.<\/p>\n<p style=\"text-align: justify;\">Cu aceast\u0103 ocazie, \u201eGiurgiuveanul\u201d se al\u0103tura pompierilor militari dar \u0219i tuturor celor care, la ceas aniversar, \u00eel asigur\u0103 de pre\u021buirea \u0219i respectul lor, \u00eei doresc mult\u0103 s\u0103n\u0103tate, fericire, \u00eempliniri \u0219i un sincer \u0219i c\u0103lduros \u201cLa Mul\u021bi Ani!\u201d.<\/p>\n<p style=\"text-align: justify;\"><em>La Mul\u0163i Ani, domnule comandant Radu Covaci!<\/em><\/p>\n","protected":false},"excerpt":{"rendered":"<p>Ast\u0103zi, 22 noiembrie, este<\/p>\n","protected":false},"author":1,"featured_media":0,"comment_status":"open","ping_status":"open","sticky":false,"template":"","format":"standard","meta":{"footnotes":""},"categories":[16],"tags":[],"class_list":["post-56577","post","type-post","status-publish","format-standard","hentry","category-astazi-e-ziua-ta"],"_links":{"self":[{"href":"https:\/\/www.giurgiuveanul.ro\/stiri\/wp-json\/wp\/v2\/posts\/56577","targetHints":{"allow":["GET"]}}],"collection":[{"href":"https:\/\/www.giurgiuveanul.ro\/stiri\/wp-json\/wp\/v2\/posts"}],"about":[{"href":"https:\/\/www.giurgiuveanul.ro\/stiri\/wp-json\/wp\/v2\/types\/post"}],"author":[{"embeddable":true,"href":"https:\/\/www.giurgiuveanul.ro\/stiri\/wp-json\/wp\/v2\/users\/1"}],"replies":[{"embeddable":true,"href":"https:\/\/www.giurgiuveanul.ro\/stiri\/wp-json\/wp\/v2\/comments?post=56577"}],"version-history":[{"count":0,"href":"https:\/\/www.giurgiuveanul.ro\/stiri\/wp-json\/wp\/v2\/posts\/56577\/revisions"}],"wp:attachment":[{"href":"https:\/\/www.giurgiuveanul.ro\/stiri\/wp-json\/wp\/v2\/media?parent=56577"}],"wp:term":[{"taxonomy":"category","embeddable":true,"href":"https:\/\/www.giurgiuveanul.ro\/stiri\/wp-json\/wp\/v2\/categories?post=56577"},{"taxonomy":"post_tag","embeddable":true,"href":"https:\/\/www.giurgiuveanul.ro\/stiri\/wp-json\/wp\/v2\/tags?post=56577"}],"curies":[{"name":"wp","href":"https:\/\/api.w.org\/{rel}","templated":true}]}}