{"id":56751,"date":"2018-11-30T10:29:14","date_gmt":"2018-11-30T08:29:14","guid":{"rendered":"https:\/\/www.giurgiuveanul.ro\/stiri\/?p=56751"},"modified":"2018-11-30T10:38:40","modified_gmt":"2018-11-30T08:38:40","slug":"la-multi-ani-andrei-si-andreea","status":"publish","type":"post","link":"https:\/\/www.giurgiuveanul.ro\/stiri\/la-multi-ani-andrei-si-andreea\/","title":{"rendered":"La Mul\u0163i Ani, Andrei \u015fi Andreea!"},"content":{"rendered":"<p style=\"text-align: justify;\"><a href=\"https:\/\/www.giurgiuveanul.ro\/stiri\/wp-content\/uploads\/2018\/11\/sfantul-andrei.jpg\"><img loading=\"lazy\" decoding=\"async\" class=\"aligncenter size-large wp-image-56752\" src=\"https:\/\/www.giurgiuveanul.ro\/stiri\/wp-content\/uploads\/2018\/11\/sfantul-andrei-560x340.jpg\" alt=\"sfantul-andrei\" width=\"560\" height=\"340\" srcset=\"https:\/\/www.giurgiuveanul.ro\/stiri\/wp-content\/uploads\/2018\/11\/sfantul-andrei-560x340.jpg 560w, https:\/\/www.giurgiuveanul.ro\/stiri\/wp-content\/uploads\/2018\/11\/sfantul-andrei-250x152.jpg 250w, https:\/\/www.giurgiuveanul.ro\/stiri\/wp-content\/uploads\/2018\/11\/sfantul-andrei-400x243.jpg 400w, https:\/\/www.giurgiuveanul.ro\/stiri\/wp-content\/uploads\/2018\/11\/sfantul-andrei.jpg 960w\" sizes=\"auto, (max-width: 560px) 100vw, 560px\" \/><\/a>Ast\u0103zi este ziua Sf\u00e2ntului Apostol Andrei, considerat<!--more--> protectorul Rom\u00e2niei. De azi \u00eencepe iarna. 30 noiembrie are un accentuat caracter magic. Apostolul Andrei a fost primul propov\u0103duitor al Evangheliei la geto-daci, \u00een teritoriul dintre Dun\u0103re \u015fi Marea Neagr\u0103.<\/p>\n<p style=\"text-align: justify;\">La mul\u021bi ani tuturor giurgiuvenilor care poart\u0103 numele de <strong>Andrei \u0219i \u00a0Andreea<\/strong>, precum \u015fi <strong>Andra, Andrada, Andra\u0219, Andru\u0219, Andru\u021ba, Andreas, Andrias, Andries, Andi, Andu, Andru, Andreiu, Edra, Endre, Deia \u015fi Deea,<\/strong> \u0219i\u00a0<span id=\"more-870\"><\/span>s\u0103 ave\u021bi o via\u021b\u0103 numai cu bucurii, \u0219i mai ales, cu toate dorin\u021bele \u00eemplinite!<\/p>\n<p style=\"text-align: justify;\">S\u0103 v\u0103 bucura\u021bi de acest nume frumos \u0219i s\u0103 ave\u021bi parte de mult\u0103 s\u0103n\u0103tate \u0219i fericire<\/p>\n<p style=\"text-align: justify;\">Transmite\u0163i-le \u015fi voi celor dragi, \u00eempodobi\u0163i cu acest nume, mesaje de felicitare prin intermediul cotidianului GIURGIUVEANUL, log\u00e2ndu-v\u0103 pe Facebook!<\/p>\n<p>&nbsp;<\/p>\n","protected":false},"excerpt":{"rendered":"<p>Ast\u0103zi este ziua Sf\u00e2ntului Apostol Andrei, considerat<\/p>\n","protected":false},"author":1,"featured_media":0,"comment_status":"open","ping_status":"open","sticky":false,"template":"","format":"standard","meta":{"footnotes":""},"categories":[16],"tags":[],"class_list":["post-56751","post","type-post","status-publish","format-standard","hentry","category-astazi-e-ziua-ta"],"_links":{"self":[{"href":"https:\/\/www.giurgiuveanul.ro\/stiri\/wp-json\/wp\/v2\/posts\/56751","targetHints":{"allow":["GET"]}}],"collection":[{"href":"https:\/\/www.giurgiuveanul.ro\/stiri\/wp-json\/wp\/v2\/posts"}],"about":[{"href":"https:\/\/www.giurgiuveanul.ro\/stiri\/wp-json\/wp\/v2\/types\/post"}],"author":[{"embeddable":true,"href":"https:\/\/www.giurgiuveanul.ro\/stiri\/wp-json\/wp\/v2\/users\/1"}],"replies":[{"embeddable":true,"href":"https:\/\/www.giurgiuveanul.ro\/stiri\/wp-json\/wp\/v2\/comments?post=56751"}],"version-history":[{"count":0,"href":"https:\/\/www.giurgiuveanul.ro\/stiri\/wp-json\/wp\/v2\/posts\/56751\/revisions"}],"wp:attachment":[{"href":"https:\/\/www.giurgiuveanul.ro\/stiri\/wp-json\/wp\/v2\/media?parent=56751"}],"wp:term":[{"taxonomy":"category","embeddable":true,"href":"https:\/\/www.giurgiuveanul.ro\/stiri\/wp-json\/wp\/v2\/categories?post=56751"},{"taxonomy":"post_tag","embeddable":true,"href":"https:\/\/www.giurgiuveanul.ro\/stiri\/wp-json\/wp\/v2\/tags?post=56751"}],"curies":[{"name":"wp","href":"https:\/\/api.w.org\/{rel}","templated":true}]}}