{"id":57262,"date":"2018-12-27T10:43:47","date_gmt":"2018-12-27T08:43:47","guid":{"rendered":"https:\/\/www.giurgiuveanul.ro\/stiri\/?p=57262"},"modified":"2018-12-27T10:50:54","modified_gmt":"2018-12-27T08:50:54","slug":"la-multi-ani-stefan-la-multi-ani-stefania","status":"publish","type":"post","link":"https:\/\/www.giurgiuveanul.ro\/stiri\/la-multi-ani-stefan-la-multi-ani-stefania\/","title":{"rendered":"La Mul\u0163i Ani, \u015etefan! La Mul\u0163i Ani, \u015etefania!"},"content":{"rendered":"<p style=\"text-align: justify;\"><a href=\"https:\/\/www.giurgiuveanul.ro\/stiri\/wp-content\/uploads\/2018\/12\/sfantul-stefan-1.jpg\"><img loading=\"lazy\" decoding=\"async\" class=\"aligncenter size-large wp-image-57264\" src=\"https:\/\/www.giurgiuveanul.ro\/stiri\/wp-content\/uploads\/2018\/12\/sfantul-stefan-1-560x274.jpg\" alt=\"sfantul-stefan-1\" width=\"560\" height=\"274\" srcset=\"https:\/\/www.giurgiuveanul.ro\/stiri\/wp-content\/uploads\/2018\/12\/sfantul-stefan-1-560x274.jpg 560w, https:\/\/www.giurgiuveanul.ro\/stiri\/wp-content\/uploads\/2018\/12\/sfantul-stefan-1-250x122.jpg 250w, https:\/\/www.giurgiuveanul.ro\/stiri\/wp-content\/uploads\/2018\/12\/sfantul-stefan-1-400x195.jpg 400w, https:\/\/www.giurgiuveanul.ro\/stiri\/wp-content\/uploads\/2018\/12\/sfantul-stefan-1.jpg 960w\" sizes=\"auto, (max-width: 560px) 100vw, 560px\" \/><\/a>Ast\u0103zi, \u00een a treia zi de Cr\u0103ciun, pe 27 decembrie, <!--more-->Biserica ortodox\u0103 \u00eel pr\u0103znuie\u015fte pe <strong>Sf\u00e2ntul Apostol \u00cent\u00e2iul Mucenic \u015fi Arhidiacon \u015etefan<\/strong>, condamnat la moarte \u00een anul 33, de autorit\u0103\u0163ile iudaice, cel care a vestit \u015fi a m\u0103rturisit credin\u0163a \u00een Hristos, deschiz\u00e2nd drumul unui impresionant \u015fir de martiri cre\u015ftini, pedepsi\u0163i pentru credin\u0163a lor.<\/p>\n<p style=\"text-align: justify;\">Majoritatea b\u0103rba\u0163ilor s\u0103rb\u0103tori\u0163i ast\u0103zi poart\u0103 numele <strong>\u015etefan, \u015etef\u0103nel, \u015etef\u0103nu\u0163 <\/strong>\u015fi<strong> Fane<\/strong>. Dintre femeile s\u0103rb[torite \u00een aceast\u0103 zi, cele mai multe se numesc<strong> \u015etefania, \u015etefana, F\u0103nica, F\u0103nu\u0163a <\/strong>\u015fi<strong> Fana<\/strong>.<\/p>\n<p style=\"text-align: justify;\"><em>Tuturor un sincer \u201eLa Mul\u0163i Ani!\u201d<\/em><\/p>\n<p style=\"text-align: justify;\"><strong>Obiceiuri \u015fi tradi\u0163ii de Sf\u00e2ntul \u015etefan<\/strong><\/p>\n<p style=\"text-align: justify;\">\u00cen tradi\u0163ie se spune c\u0103 pentru sporul casei \u015fi s\u0103n\u0103tatea rudelor bolnave sau p\u0103gubite este bine ca \u00een 27 decembrie s\u0103 d\u0103ruim icoana Sf\u00e2ntului \u015etefan sau o candel\u0103 nou\u0103, aprins\u0103. \u00cen semn de iubire, pre\u0163uire \u015fi respect pentru Sf\u00e2ntul \u015etefan, dar \u015fi ca dovad\u0103 de iubire \u015fi \u00een\u0163elegere, este bine s\u0103 ne \u00eemp\u0103c\u0103m cu persoanele cu care suntem certa\u0163i.<\/p>\n<p style=\"text-align: justify;\">O veche traditie, implinita in ziua praznicului, se refera la icoana care-l infatiseaza pe mucenicul martir: crestinii care se confrunta cu probleme de sanatate sau se judeca de multa vreme cu persoane foarte orgolioase, este bine sa aduca in casa lor o icoana cu Sfantul Stefan, sfintita in aceasta zi. Sambata se fac pomeniri pentru sufletele celor care au murit in imprejurari dramatice, iar pachetele cu mancare se impart si persoanelor tinere, care poarta numele primului mucenic Stefan.<\/p>\n<p style=\"text-align: justify;\">In unele zone din Muntenia se prepara Painicile lui Stefan, se sfintesc la biserica in ziua praznicului si se impart copiilor saraci. De asemenea, potrivit sansanews.ro, de Sfantul Stefan se prepara si se impart mucenici cu miere si nuca, care amintesc de moartea lui muceniceasca.<\/p>\n<p style=\"text-align: justify;\">Pentru sporul casei si pentru sanatatea rudelor cu probleme mari de sanatate, trebuie sa-l cinstim pe Sfantul Mucenic Stefan prin fapte bune, iar reconcilierile sunt binevenite in aceasta zi. In ziua praznicului, este bine sa evitam deplasarile in zone montane si in locuri izolate, care ne pun viata in primejdie.<\/p>\n<p style=\"text-align: justify;\">\u00cen ziua praznicului, este bine s\u0103 evit\u0103m deplas\u0103rile \u00een zone montane \u015fi \u00een locuri izolate, care ne pun via\u0163a \u00een primejdie.<\/p>\n","protected":false},"excerpt":{"rendered":"<p>Ast\u0103zi, \u00een a treia zi de Cr\u0103ciun, pe 27 decembrie,<\/p>\n","protected":false},"author":1,"featured_media":0,"comment_status":"open","ping_status":"open","sticky":false,"template":"","format":"standard","meta":{"footnotes":""},"categories":[16],"tags":[],"class_list":["post-57262","post","type-post","status-publish","format-standard","hentry","category-astazi-e-ziua-ta"],"_links":{"self":[{"href":"https:\/\/www.giurgiuveanul.ro\/stiri\/wp-json\/wp\/v2\/posts\/57262","targetHints":{"allow":["GET"]}}],"collection":[{"href":"https:\/\/www.giurgiuveanul.ro\/stiri\/wp-json\/wp\/v2\/posts"}],"about":[{"href":"https:\/\/www.giurgiuveanul.ro\/stiri\/wp-json\/wp\/v2\/types\/post"}],"author":[{"embeddable":true,"href":"https:\/\/www.giurgiuveanul.ro\/stiri\/wp-json\/wp\/v2\/users\/1"}],"replies":[{"embeddable":true,"href":"https:\/\/www.giurgiuveanul.ro\/stiri\/wp-json\/wp\/v2\/comments?post=57262"}],"version-history":[{"count":0,"href":"https:\/\/www.giurgiuveanul.ro\/stiri\/wp-json\/wp\/v2\/posts\/57262\/revisions"}],"wp:attachment":[{"href":"https:\/\/www.giurgiuveanul.ro\/stiri\/wp-json\/wp\/v2\/media?parent=57262"}],"wp:term":[{"taxonomy":"category","embeddable":true,"href":"https:\/\/www.giurgiuveanul.ro\/stiri\/wp-json\/wp\/v2\/categories?post=57262"},{"taxonomy":"post_tag","embeddable":true,"href":"https:\/\/www.giurgiuveanul.ro\/stiri\/wp-json\/wp\/v2\/tags?post=57262"}],"curies":[{"name":"wp","href":"https:\/\/api.w.org\/{rel}","templated":true}]}}