{"id":57333,"date":"2019-01-02T15:07:40","date_gmt":"2019-01-02T13:07:40","guid":{"rendered":"https:\/\/www.giurgiuveanul.ro\/stiri\/?p=57333"},"modified":"2019-01-02T15:07:40","modified_gmt":"2019-01-02T13:07:40","slug":"la-multi-ani-domnule-deputat-alexandru-andrei-2","status":"publish","type":"post","link":"https:\/\/www.giurgiuveanul.ro\/stiri\/la-multi-ani-domnule-deputat-alexandru-andrei-2\/","title":{"rendered":"La Mul\u0163i Ani, domnule deputat Alexandru Andrei!"},"content":{"rendered":"<p style=\"text-align: justify;\"><a href=\"https:\/\/www.giurgiuveanul.ro\/stiri\/wp-content\/uploads\/2019\/01\/14900603_1006759232803201_3738051685254407089_n.jpg\"><img loading=\"lazy\" decoding=\"async\" class=\"aligncenter size-large wp-image-57334\" src=\"https:\/\/www.giurgiuveanul.ro\/stiri\/wp-content\/uploads\/2019\/01\/14900603_1006759232803201_3738051685254407089_n-454x450.jpg\" alt=\"14900603_1006759232803201_3738051685254407089_n\" width=\"454\" height=\"450\" srcset=\"https:\/\/www.giurgiuveanul.ro\/stiri\/wp-content\/uploads\/2019\/01\/14900603_1006759232803201_3738051685254407089_n-454x450.jpg 454w, https:\/\/www.giurgiuveanul.ro\/stiri\/wp-content\/uploads\/2019\/01\/14900603_1006759232803201_3738051685254407089_n-250x248.jpg 250w, https:\/\/www.giurgiuveanul.ro\/stiri\/wp-content\/uploads\/2019\/01\/14900603_1006759232803201_3738051685254407089_n-400x397.jpg 400w, https:\/\/www.giurgiuveanul.ro\/stiri\/wp-content\/uploads\/2019\/01\/14900603_1006759232803201_3738051685254407089_n.jpg 960w\" sizes=\"auto, (max-width: 454px) 100vw, 454px\" \/><\/a>Ast\u0103zi, 2 ianuarie 2019, deputatul de Giurgiu, <strong>Alexandru Ioan Andrei<\/strong>,<!--more--> \u00eempline\u015fte 34 de ani, prilej cu care redac\u0163ia cotidianului \u201eGiurgiuveanul\u201d se al\u0103tur\u0103 familiei, colegilor \u015fi prietenilor \u015fi \u00eei ureaz\u0103 \u201eLa Mul\u0163i Ani!\u201d, s\u0103n\u0103tate, putere de munc\u0103 \u015fi \u00eempliniri \u00een plan personal \u015fi profesional.<\/p>\n<p style=\"text-align: justify;\">V\u0103 dorim s\u0103 fi\u0163i mereu a\u015fa cum sunte\u0163i: al\u0103turi de oameni \u015fi la bine, \u015fi la greu, hot\u0103r\u00e2t \u015fi implicat \u00een comunitate!<\/p>\n<p style=\"text-align: center;\"><em>La Mul\u0163i Ani, domnule deputat Alexandru Andrei!<\/em><\/p>\n","protected":false},"excerpt":{"rendered":"<p>Ast\u0103zi, 2 ianuarie 2019, deputatul de Giurgiu, Alexandru Ioan Andrei,<\/p>\n","protected":false},"author":1,"featured_media":0,"comment_status":"open","ping_status":"open","sticky":false,"template":"","format":"standard","meta":{"footnotes":""},"categories":[16],"tags":[],"class_list":["post-57333","post","type-post","status-publish","format-standard","hentry","category-astazi-e-ziua-ta"],"_links":{"self":[{"href":"https:\/\/www.giurgiuveanul.ro\/stiri\/wp-json\/wp\/v2\/posts\/57333","targetHints":{"allow":["GET"]}}],"collection":[{"href":"https:\/\/www.giurgiuveanul.ro\/stiri\/wp-json\/wp\/v2\/posts"}],"about":[{"href":"https:\/\/www.giurgiuveanul.ro\/stiri\/wp-json\/wp\/v2\/types\/post"}],"author":[{"embeddable":true,"href":"https:\/\/www.giurgiuveanul.ro\/stiri\/wp-json\/wp\/v2\/users\/1"}],"replies":[{"embeddable":true,"href":"https:\/\/www.giurgiuveanul.ro\/stiri\/wp-json\/wp\/v2\/comments?post=57333"}],"version-history":[{"count":0,"href":"https:\/\/www.giurgiuveanul.ro\/stiri\/wp-json\/wp\/v2\/posts\/57333\/revisions"}],"wp:attachment":[{"href":"https:\/\/www.giurgiuveanul.ro\/stiri\/wp-json\/wp\/v2\/media?parent=57333"}],"wp:term":[{"taxonomy":"category","embeddable":true,"href":"https:\/\/www.giurgiuveanul.ro\/stiri\/wp-json\/wp\/v2\/categories?post=57333"},{"taxonomy":"post_tag","embeddable":true,"href":"https:\/\/www.giurgiuveanul.ro\/stiri\/wp-json\/wp\/v2\/tags?post=57333"}],"curies":[{"name":"wp","href":"https:\/\/api.w.org\/{rel}","templated":true}]}}