{"id":58482,"date":"2019-02-23T09:38:39","date_gmt":"2019-02-23T07:38:39","guid":{"rendered":"https:\/\/www.giurgiuveanul.ro\/stiri\/?p=58482"},"modified":"2019-02-23T09:38:39","modified_gmt":"2019-02-23T07:38:39","slug":"nominalizare-giurgiuveana-la-premiile-galei-nationale-excelentei-in-asistenta-sociala-2019-madalina-bragadireanu-asistent-social-in-cadrul-spitalului-judetean-de-urgenta","status":"publish","type":"post","link":"https:\/\/www.giurgiuveanul.ro\/stiri\/nominalizare-giurgiuveana-la-premiile-galei-nationale-excelentei-in-asistenta-sociala-2019-madalina-bragadireanu-asistent-social-in-cadrul-spitalului-judetean-de-urgenta\/","title":{"rendered":"Nominalizare giurgiuvean\u0103 la premiile Galei Na\u021bionale a Excelen\u021bei \u00een asisten\u021b\u0103 Social\u0103 2019: M\u0103d\u0103lina Bragadireanu, asistent social \u00een cadrul Spitalului Jude\u021bean de Urgen\u021b\u0103"},"content":{"rendered":"<p style=\"text-align: justify;\"><a href=\"https:\/\/www.giurgiuveanul.ro\/stiri\/wp-content\/uploads\/2019\/02\/Madalina-Bragadireanu.jpg\"><img loading=\"lazy\" decoding=\"async\" class=\"aligncenter size-large wp-image-58483\" src=\"https:\/\/www.giurgiuveanul.ro\/stiri\/wp-content\/uploads\/2019\/02\/Madalina-Bragadireanu-523x450.jpg\" alt=\"Madalina Bragadireanu\" width=\"523\" height=\"450\" srcset=\"https:\/\/www.giurgiuveanul.ro\/stiri\/wp-content\/uploads\/2019\/02\/Madalina-Bragadireanu-523x450.jpg 523w, https:\/\/www.giurgiuveanul.ro\/stiri\/wp-content\/uploads\/2019\/02\/Madalina-Bragadireanu-250x215.jpg 250w, https:\/\/www.giurgiuveanul.ro\/stiri\/wp-content\/uploads\/2019\/02\/Madalina-Bragadireanu-400x344.jpg 400w, https:\/\/www.giurgiuveanul.ro\/stiri\/wp-content\/uploads\/2019\/02\/Madalina-Bragadireanu.jpg 1467w\" sizes=\"auto, (max-width: 523px) 100vw, 523px\" \/><\/a>Devenit un eveniment de tradi\u0163ie \u00een mediul social din Rom\u00e2nia,<!--more--> Gala Na\u0163ional\u0103 a Excelen\u0163ei \u00een Asisten\u0163\u0103 Social\u0103, edi\u0163ia a VI-a va avea loc \u00een data de 19 martie 2019, pe scena Atenului Rom\u00e2n. Organizat\u0103 cu ocazia celebr\u0103rii Zilei Mondiale a Asisten\u0163ei Sociale, Gala este evenimentul \u00een care asisten\u0163i sociali din \u00eentreaga \u0163ar\u0103, autorit\u0103\u0163i, jurnali\u015fti, s\u0103rb\u0103toresc realiz\u0103rile profesiei de asistent social pentru a transmite un mesaj cu privire la con\u015ftientizarea\u00a0 contribu\u0163iilor din domeniul social \u015fi nevoia ac\u0163iunilor ulterioare.<\/p>\n<p style=\"text-align: justify;\">La categoria asistentul social din domeniul s\u0103n\u0103tate\/servicii medicale a fost nominalizat\u0103 <strong>M\u0103d\u0103lina Bragadireanu<\/strong>, asistent social \u00een cadrul Spitalului Jude\u021bean de Urgen\u021b\u0103 Giurgiu, Compartimentul Social Caritate.<\/p>\n<p style=\"text-align: justify;\">Conform regulamentului de concurs, exist\u0103 posibilitatea desemn\u0103rii c\u00e2\u0219tig\u0103torilor pentru fiecare categorie prin exprimarea votului on-line. Ne putem ar\u0103ta sus\u021binerea vot\u00e2nd <strong>M\u0103d\u0103lina Bragadireanu<\/strong> la urm\u0103torul link: <a href=\"http:\/\/poll.cnasr.ro\/poll\/4\">http:\/\/poll.cnasr.ro\/poll\/4<\/a>.<\/p>\n","protected":false},"excerpt":{"rendered":"<p>Devenit un eveniment de tradi\u0163ie \u00een mediul social din Rom\u00e2nia,<\/p>\n","protected":false},"author":1,"featured_media":0,"comment_status":"open","ping_status":"open","sticky":false,"template":"","format":"standard","meta":{"footnotes":""},"categories":[8],"tags":[],"class_list":["post-58482","post","type-post","status-publish","format-standard","hentry","category-alert-news"],"_links":{"self":[{"href":"https:\/\/www.giurgiuveanul.ro\/stiri\/wp-json\/wp\/v2\/posts\/58482","targetHints":{"allow":["GET"]}}],"collection":[{"href":"https:\/\/www.giurgiuveanul.ro\/stiri\/wp-json\/wp\/v2\/posts"}],"about":[{"href":"https:\/\/www.giurgiuveanul.ro\/stiri\/wp-json\/wp\/v2\/types\/post"}],"author":[{"embeddable":true,"href":"https:\/\/www.giurgiuveanul.ro\/stiri\/wp-json\/wp\/v2\/users\/1"}],"replies":[{"embeddable":true,"href":"https:\/\/www.giurgiuveanul.ro\/stiri\/wp-json\/wp\/v2\/comments?post=58482"}],"version-history":[{"count":0,"href":"https:\/\/www.giurgiuveanul.ro\/stiri\/wp-json\/wp\/v2\/posts\/58482\/revisions"}],"wp:attachment":[{"href":"https:\/\/www.giurgiuveanul.ro\/stiri\/wp-json\/wp\/v2\/media?parent=58482"}],"wp:term":[{"taxonomy":"category","embeddable":true,"href":"https:\/\/www.giurgiuveanul.ro\/stiri\/wp-json\/wp\/v2\/categories?post=58482"},{"taxonomy":"post_tag","embeddable":true,"href":"https:\/\/www.giurgiuveanul.ro\/stiri\/wp-json\/wp\/v2\/tags?post=58482"}],"curies":[{"name":"wp","href":"https:\/\/api.w.org\/{rel}","templated":true}]}}