{"id":59246,"date":"2019-04-02T09:57:25","date_gmt":"2019-04-02T06:57:25","guid":{"rendered":"https:\/\/www.giurgiuveanul.ro\/stiri\/?p=59246"},"modified":"2019-04-02T09:57:25","modified_gmt":"2019-04-02T06:57:25","slug":"restaurant-catering-sunny-acum-si-in-piata-centrala-municipiului-giurgiu-foto","status":"publish","type":"post","link":"https:\/\/www.giurgiuveanul.ro\/stiri\/restaurant-catering-sunny-acum-si-in-piata-centrala-municipiului-giurgiu-foto\/","title":{"rendered":"Restaurant catering \u201eSUNNY\u201d, ACUM \u015fi \u00ceN PIA\u0162A CENTRAL\u0102 a municipiului Giurgiu! (FOTO)"},"content":{"rendered":"<p style=\"text-align: justify;\"><a href=\"https:\/\/www.giurgiuveanul.ro\/stiri\/wp-content\/uploads\/2019\/04\/IMG_2578.jpg\"><img loading=\"lazy\" decoding=\"async\" class=\"aligncenter size-large wp-image-59247\" src=\"https:\/\/www.giurgiuveanul.ro\/stiri\/wp-content\/uploads\/2019\/04\/IMG_2578-560x389.jpg\" alt=\"IMG_2578\" width=\"560\" height=\"389\" srcset=\"https:\/\/www.giurgiuveanul.ro\/stiri\/wp-content\/uploads\/2019\/04\/IMG_2578-560x389.jpg 560w, https:\/\/www.giurgiuveanul.ro\/stiri\/wp-content\/uploads\/2019\/04\/IMG_2578-250x173.jpg 250w, https:\/\/www.giurgiuveanul.ro\/stiri\/wp-content\/uploads\/2019\/04\/IMG_2578-400x278.jpg 400w, https:\/\/www.giurgiuveanul.ro\/stiri\/wp-content\/uploads\/2019\/04\/IMG_2578.jpg 800w\" sizes=\"auto, (max-width: 560px) 100vw, 560px\" \/><\/a>De peste 25 de ani, restaurantul catering \u201eSunny\u201d<!--more--> p\u0103streaz\u0103 o not\u0103 de elegan\u0163\u0103 \u015fi bun gust \u015fi v\u0103 \u00eembie cu un meniu bogat de bucate alese, care cuprinde preparate delicioase din buc\u0103t\u0103ria tradi\u0163ional rom\u00e2neasc\u0103, dar \u015fi specialit\u0103\u0163i interna\u0163ionale.<\/p>\n<p style=\"text-align: justify;\">Fie la SEDIUL CENTRAL, pe \u015foseaua Bucure\u015fti, \u00eentre blocul B2-B3\/1S, pe \u015foseaua Bucure\u015fti, VIZAVI DE LICEUL \u201cION MAIORESCU\u201d, ACUM \u015fi \u00ceN PIA\u0162A CENTRAL\u0102 a municipiului, sau acas\u0103, ori la birou \u2013 PRIN SERVICIUL CATERING, po\u0163i savura de la delicioasele m\u00e2nc\u0103ruri tradi\u0163ionale p\u00e2n\u0103 la cele mai sofisticate preparate.<\/p>\n<p style=\"text-align: justify;\">Produsele alimentare sunt distribuite cu mijloace de transport proprii, \u00een condi\u0163ii de maxim\u0103 igien\u0103.<\/p>\n<p style=\"text-align: justify;\">\u00cencep\u00e2nd cu 1 aprilie a.c. \u201cSunny\u201d \u015fi-a deschis un punct de lucru \u00een chiar Pia\u0163a Central\u0103.<\/p>\n<p style=\"text-align: justify;\"><a href=\"https:\/\/www.giurgiuveanul.ro\/stiri\/wp-content\/uploads\/2019\/04\/IMG_2572.jpg\"><img loading=\"lazy\" decoding=\"async\" class=\"aligncenter size-large wp-image-59249\" src=\"https:\/\/www.giurgiuveanul.ro\/stiri\/wp-content\/uploads\/2019\/04\/IMG_2572-560x409.jpg\" alt=\"IMG_2572\" width=\"560\" height=\"409\" srcset=\"https:\/\/www.giurgiuveanul.ro\/stiri\/wp-content\/uploads\/2019\/04\/IMG_2572-560x409.jpg 560w, https:\/\/www.giurgiuveanul.ro\/stiri\/wp-content\/uploads\/2019\/04\/IMG_2572-250x183.jpg 250w, https:\/\/www.giurgiuveanul.ro\/stiri\/wp-content\/uploads\/2019\/04\/IMG_2572-400x292.jpg 400w, https:\/\/www.giurgiuveanul.ro\/stiri\/wp-content\/uploads\/2019\/04\/IMG_2572.jpg 800w\" sizes=\"auto, (max-width: 560px) 100vw, 560px\" \/><\/a><\/p>\n<p style=\"text-align: justify;\"><a href=\"https:\/\/www.giurgiuveanul.ro\/stiri\/wp-content\/uploads\/2019\/04\/IMG_2565.jpg\"><img loading=\"lazy\" decoding=\"async\" class=\"aligncenter size-large wp-image-59250\" src=\"https:\/\/www.giurgiuveanul.ro\/stiri\/wp-content\/uploads\/2019\/04\/IMG_2565-560x373.jpg\" alt=\"IMG_2565\" width=\"560\" height=\"373\" srcset=\"https:\/\/www.giurgiuveanul.ro\/stiri\/wp-content\/uploads\/2019\/04\/IMG_2565-560x373.jpg 560w, https:\/\/www.giurgiuveanul.ro\/stiri\/wp-content\/uploads\/2019\/04\/IMG_2565-250x167.jpg 250w, https:\/\/www.giurgiuveanul.ro\/stiri\/wp-content\/uploads\/2019\/04\/IMG_2565-400x267.jpg 400w, https:\/\/www.giurgiuveanul.ro\/stiri\/wp-content\/uploads\/2019\/04\/IMG_2565.jpg 800w\" sizes=\"auto, (max-width: 560px) 100vw, 560px\" \/><\/a><\/p>\n<p style=\"text-align: justify;\"><a href=\"https:\/\/www.giurgiuveanul.ro\/stiri\/wp-content\/uploads\/2019\/04\/IMG_2570.jpg\"><img loading=\"lazy\" decoding=\"async\" class=\"aligncenter size-large wp-image-59251\" src=\"https:\/\/www.giurgiuveanul.ro\/stiri\/wp-content\/uploads\/2019\/04\/IMG_2570-192x450.jpg\" alt=\"IMG_2570\" width=\"192\" height=\"450\" srcset=\"https:\/\/www.giurgiuveanul.ro\/stiri\/wp-content\/uploads\/2019\/04\/IMG_2570-192x450.jpg 192w, https:\/\/www.giurgiuveanul.ro\/stiri\/wp-content\/uploads\/2019\/04\/IMG_2570-128x300.jpg 128w, https:\/\/www.giurgiuveanul.ro\/stiri\/wp-content\/uploads\/2019\/04\/IMG_2570-256x600.jpg 256w, https:\/\/www.giurgiuveanul.ro\/stiri\/wp-content\/uploads\/2019\/04\/IMG_2570.jpg 341w\" sizes=\"auto, (max-width: 192px) 100vw, 192px\" \/><\/a><\/p>\n<p style=\"text-align: justify;\"><a href=\"https:\/\/www.giurgiuveanul.ro\/stiri\/wp-content\/uploads\/2019\/04\/IMG_2599.jpg\"><img loading=\"lazy\" decoding=\"async\" class=\"aligncenter size-large wp-image-59252\" src=\"https:\/\/www.giurgiuveanul.ro\/stiri\/wp-content\/uploads\/2019\/04\/IMG_2599-560x370.jpg\" alt=\"IMG_2599\" width=\"560\" height=\"370\" srcset=\"https:\/\/www.giurgiuveanul.ro\/stiri\/wp-content\/uploads\/2019\/04\/IMG_2599-560x370.jpg 560w, https:\/\/www.giurgiuveanul.ro\/stiri\/wp-content\/uploads\/2019\/04\/IMG_2599-250x165.jpg 250w, https:\/\/www.giurgiuveanul.ro\/stiri\/wp-content\/uploads\/2019\/04\/IMG_2599-400x265.jpg 400w, https:\/\/www.giurgiuveanul.ro\/stiri\/wp-content\/uploads\/2019\/04\/IMG_2599.jpg 800w\" sizes=\"auto, (max-width: 560px) 100vw, 560px\" \/><\/a><\/p>\n<p style=\"text-align: justify;\">Pentru comenzi, suna\u0163i la <strong>0246.210.908<\/strong> sau la <strong>0727.155.166<\/strong>. Detalii \u015fi aici <a href=\"https:\/\/www.sunnyfood.ro\/\">https:\/\/www.sunnyfood.ro\/<\/a>.<\/p>\n<p style=\"text-align: justify;\">La \u201eSunny\u201d ve\u0163i avea, cu siguran\u0163\u0103, o experien\u0163\u0103 culinar\u0103 de neuitat\u2026 a\u015fadar, v\u0103 dorim <em>poft\u0103 bun\u0103<\/em>!<\/p>\n<p style=\"text-align: justify;\"><a href=\"https:\/\/www.giurgiuveanul.ro\/stiri\/wp-content\/uploads\/2019\/04\/IMG_2605.jpg\"><img loading=\"lazy\" decoding=\"async\" class=\"aligncenter size-large wp-image-59253\" src=\"https:\/\/www.giurgiuveanul.ro\/stiri\/wp-content\/uploads\/2019\/04\/IMG_2605-560x308.jpg\" alt=\"IMG_2605\" width=\"560\" height=\"308\" srcset=\"https:\/\/www.giurgiuveanul.ro\/stiri\/wp-content\/uploads\/2019\/04\/IMG_2605-560x308.jpg 560w, https:\/\/www.giurgiuveanul.ro\/stiri\/wp-content\/uploads\/2019\/04\/IMG_2605-250x138.jpg 250w, https:\/\/www.giurgiuveanul.ro\/stiri\/wp-content\/uploads\/2019\/04\/IMG_2605-400x220.jpg 400w, https:\/\/www.giurgiuveanul.ro\/stiri\/wp-content\/uploads\/2019\/04\/IMG_2605.jpg 800w\" sizes=\"auto, (max-width: 560px) 100vw, 560px\" \/><\/a><\/p>\n<p style=\"text-align: justify;\"><a href=\"https:\/\/www.giurgiuveanul.ro\/stiri\/wp-content\/uploads\/2019\/04\/IMG_2559-2.jpg\"><img loading=\"lazy\" decoding=\"async\" class=\"aligncenter size-large wp-image-59248\" src=\"https:\/\/www.giurgiuveanul.ro\/stiri\/wp-content\/uploads\/2019\/04\/IMG_2559-2-467x450.jpg\" alt=\"IMG_2559-2\" width=\"467\" height=\"450\" srcset=\"https:\/\/www.giurgiuveanul.ro\/stiri\/wp-content\/uploads\/2019\/04\/IMG_2559-2-467x450.jpg 467w, https:\/\/www.giurgiuveanul.ro\/stiri\/wp-content\/uploads\/2019\/04\/IMG_2559-2-250x241.jpg 250w, https:\/\/www.giurgiuveanul.ro\/stiri\/wp-content\/uploads\/2019\/04\/IMG_2559-2-400x386.jpg 400w, https:\/\/www.giurgiuveanul.ro\/stiri\/wp-content\/uploads\/2019\/04\/IMG_2559-2.jpg 800w\" sizes=\"auto, (max-width: 467px) 100vw, 467px\" \/><\/a><\/p>\n<p>Patroana restaurant cateringului \u201cSunny\u201d, <strong>Elena Zaharia<\/strong>, al\u0103turi de directorul Pie\u0163ii Centrale a municipiului Giurgiu, <strong>Marian Pavel<\/strong>.<\/p>\n","protected":false},"excerpt":{"rendered":"<p>De peste 25 de ani, restaurantul catering \u201eSunny\u201d<\/p>\n","protected":false},"author":1,"featured_media":0,"comment_status":"open","ping_status":"open","sticky":false,"template":"","format":"standard","meta":{"footnotes":""},"categories":[8],"tags":[],"class_list":["post-59246","post","type-post","status-publish","format-standard","hentry","category-alert-news"],"_links":{"self":[{"href":"https:\/\/www.giurgiuveanul.ro\/stiri\/wp-json\/wp\/v2\/posts\/59246","targetHints":{"allow":["GET"]}}],"collection":[{"href":"https:\/\/www.giurgiuveanul.ro\/stiri\/wp-json\/wp\/v2\/posts"}],"about":[{"href":"https:\/\/www.giurgiuveanul.ro\/stiri\/wp-json\/wp\/v2\/types\/post"}],"author":[{"embeddable":true,"href":"https:\/\/www.giurgiuveanul.ro\/stiri\/wp-json\/wp\/v2\/users\/1"}],"replies":[{"embeddable":true,"href":"https:\/\/www.giurgiuveanul.ro\/stiri\/wp-json\/wp\/v2\/comments?post=59246"}],"version-history":[{"count":0,"href":"https:\/\/www.giurgiuveanul.ro\/stiri\/wp-json\/wp\/v2\/posts\/59246\/revisions"}],"wp:attachment":[{"href":"https:\/\/www.giurgiuveanul.ro\/stiri\/wp-json\/wp\/v2\/media?parent=59246"}],"wp:term":[{"taxonomy":"category","embeddable":true,"href":"https:\/\/www.giurgiuveanul.ro\/stiri\/wp-json\/wp\/v2\/categories?post=59246"},{"taxonomy":"post_tag","embeddable":true,"href":"https:\/\/www.giurgiuveanul.ro\/stiri\/wp-json\/wp\/v2\/tags?post=59246"}],"curies":[{"name":"wp","href":"https:\/\/api.w.org\/{rel}","templated":true}]}}