{"id":59548,"date":"2019-04-17T16:35:26","date_gmt":"2019-04-17T13:35:26","guid":{"rendered":"https:\/\/www.giurgiuveanul.ro\/stiri\/?p=59548"},"modified":"2019-04-17T16:38:26","modified_gmt":"2019-04-17T13:38:26","slug":"romania-in-care-se-poate","status":"publish","type":"post","link":"https:\/\/www.giurgiuveanul.ro\/stiri\/romania-in-care-se-poate\/","title":{"rendered":"Rom\u00e2nia \u00een care \u201ese poate\u201d"},"content":{"rendered":"<p style=\"text-align: right;\"><em><a href=\"https:\/\/www.giurgiuveanul.ro\/stiri\/wp-content\/uploads\/2019\/04\/SM.jpg\"><img loading=\"lazy\" decoding=\"async\" class=\"aligncenter size-large wp-image-59549\" src=\"https:\/\/www.giurgiuveanul.ro\/stiri\/wp-content\/uploads\/2019\/04\/SM-424x450.jpg\" alt=\"Print\" width=\"424\" height=\"450\" srcset=\"https:\/\/www.giurgiuveanul.ro\/stiri\/wp-content\/uploads\/2019\/04\/SM-424x450.jpg 424w, https:\/\/www.giurgiuveanul.ro\/stiri\/wp-content\/uploads\/2019\/04\/SM-250x265.jpg 250w, https:\/\/www.giurgiuveanul.ro\/stiri\/wp-content\/uploads\/2019\/04\/SM-400x424.jpg 400w, https:\/\/www.giurgiuveanul.ro\/stiri\/wp-content\/uploads\/2019\/04\/SM.jpg 661w\" sizes=\"auto, (max-width: 424px) 100vw, 424px\" \/><\/a>Siegfried Mure\u0219an<\/em><\/p>\n<p style=\"text-align: justify;\">Rom\u00e2nia \u00eempline\u0219te<!--more--> 30 de ani de libertate. \u00cen ace\u0219ti 30 de ani, Partidul Social Democrat s-a aflat cel mai mult timp la guvernare, adic\u0103 mai bine de 21 de ani. PSD este partidul care s-a opus constant moderniz\u0103rii Rom\u00e2niei.<\/p>\n<p style=\"text-align: justify;\">PSD &#8211; de la Iliescu la Dragnea &#8211; a blocat dezvoltarea noastr\u0103 \u0219i irosit dou\u0103 treimi din ace\u0219ti ani. \u00cen to\u021bi cei 30 de ani, Rom\u00e2nia liber\u0103 \u0219i european\u0103 a tr\u0103it direct sub amenin\u021barea PSD.<\/p>\n<p style=\"text-align: justify;\">De doi ani \u0219i jum\u0103tate am fost cu to\u021bi martorii unui desant politic f\u0103r\u0103 precedent chiar \u0219i pentru PSD. Guvernarea PSD \u0219i ALDE a luat Rom\u00e2nia prizonier\u0103. Pesedi\u0219tii zic c\u0103 au c\u00e2\u0219tigat alegerile \u0219i c\u0103 asta explic\u0103 \u0219i justific\u0103 totul.<\/p>\n<p style=\"text-align: justify;\">\u0218tia Rom\u00e2nia \u00een 2016 c\u0103 principala preocupare a PSD &#8211; ALDE este salvarea lui Dragnea \u0219i a acoli\u021bilor lui de dosarele penale? Nu, pentru c\u0103 ei nu au spus nimic despre asta.<\/p>\n<p style=\"text-align: justify;\">Rom\u00e2nii nu au \u0219tiut c\u0103 PSD \u0219i ALDE vor ataca Uniunea European\u0103 ca s\u0103-\u0219i acopere propriile minciuni \u0219i nerealiz\u0103ri, c\u0103 vor ajunge s\u0103 refuze fonduri europene, dup\u0103 ce n-au fost \u00een stare s\u0103 valorifice beneficiile uria\u0219e oferite Rom\u00e2niei de apartenen\u021ba la UE.<\/p>\n<p style=\"text-align: justify;\">\u0218tiau rom\u00e2nii \u00eenainte de alegeri c\u0103 PSD \u0219i ALDE vor \u00eengenunchia moneda na\u021bional\u0103 \u0219i c\u0103 asta va scumpi totul? Nu, pentru c\u0103 ei nu le-au spus nimic.<\/p>\n<p style=\"text-align: justify;\">\u0218tia Rom\u00e2nia c\u0103 vorbele frumoase despre spitale, \u0219coli, autostr\u0103zi, investi\u021bii sunt doar minciuni sfruntate v\u00e2ndute \u00een campanie \u0219i aruncate la co\u0219ul de gunoi odat\u0103 \u00eencheiat\u0103 ziua votului? Nu, pentru c\u0103 Dragnea \u0219i T\u0103riceanu nu le-au povestit nimic rom\u00e2nilor despre asta.<\/p>\n<p style=\"text-align: justify;\">Rom\u00e2nia nu este proprietatea PSD.<\/p>\n<p style=\"text-align: justify;\">Rom\u00e2nia este \u021bara oamenilor cinsti\u021bi \u0219i muncitori, cu griji \u0219i speran\u021be, cu familii \u0219i prieteni, cu valori \u0219i principii curate transmise de la p\u0103rin\u021bi \u0219i bunici, cu dorin\u021ba unui viitor mai bun.<\/p>\n<p style=\"text-align: justify;\">Vreau de acum \u00eencolo s\u0103 vorbesc despre Rom\u00e2nia \u00een care dorim cu to\u021bii s\u0103 tr\u0103im, Rom\u00e2nia noastr\u0103, Rom\u00e2nia copiilor no\u0219tri.<\/p>\n<p style=\"text-align: justify;\"><strong>Rom\u00e2nia noastr\u0103 este european\u0103 \u0219i este a tuturor rom\u00e2nilor, <\/strong>cu democra\u021bie puternic\u0103, oameni liberi, valori europene care se \u00eembin\u0103 \u0219i coexist\u0103 armonios cu cele na\u021bionale. O Rom\u00e2nie cu adev\u0103rat demn\u0103, o Rom\u00e2nie \u00een primul r\u00e2nd al Uniunii Europene.<\/p>\n<p style=\"text-align: justify;\"><strong>Rom\u00e2nia noastr\u0103 este cea a drept\u0103\u021bii.<\/strong> Dreptate pentru to\u021bi. Legi f\u0103cute pentru to\u021bi, nu doar pentru un om sau un grup de privilegia\u021bi.<\/p>\n<p style=\"text-align: justify;\"><strong>Rom\u00e2nia noastr\u0103 este curajoas\u0103<\/strong>, unde oamenii v\u0103d nedreptatea \u0219i lupt\u0103 \u00eempotriva ei \u00een strad\u0103, pe ploaie \u0219i frig. Care v\u0103d legile str\u00e2mbe \u0219i se ridic\u0103 s\u0103 le \u00eendrepte.<\/p>\n<p style=\"text-align: justify;\"><strong>Rom\u00e2nia noastr\u0103 este o Rom\u00e2nie s\u0103n\u0103toas\u0103.<\/strong> O \u021bar\u0103 grijulie \u0219i prietenoas\u0103 cu oamenii ei, cu spitale moderne, curate, \u00een care rom\u00e2nii s\u0103 se simt\u0103 respecta\u021bi.<\/p>\n<p style=\"text-align: justify;\"><strong>Rom\u00e2nia noastr\u0103 este o Rom\u00e2nie competent\u0103 \u0219i educat\u0103<\/strong>, cu \u0219coli \u00een care tinerii sunt preg\u0103ti\u021bi bine \u0219i \u00eenva\u021b\u0103 lucruri care \u00eei vor ajuta mai t\u00e2rziu s\u0103 ob\u021bin\u0103 un loc de munc\u0103.<\/p>\n<p style=\"text-align: justify;\"><strong>Rom\u00e2nia noastr\u0103 este Rom\u00e2nia \u00een care se poate &#8211; <\/strong>cu localit\u0103\u021bi unde \u00ee\u021bi dore\u0219ti s\u0103 tr\u0103ie\u0219ti \u0219i de care e\u0219ti m\u00e2ndru.<\/p>\n<p style=\"text-align: justify;\"><strong>Rom\u00e2nia noastr\u0103 este Rom\u00e2nia acas\u0103 pentru to\u021bi rom\u00e2nii. <\/strong>O mam\u0103 bun\u0103 pentru cei de acas\u0103 \u0219i pentru cei pleca\u021bi afar\u0103. Un loc unde \u00ee\u021bi place s\u0103 tr\u0103ie\u0219ti \u0219i s\u0103 te \u00eentorci oric\u00e2nd dore\u0219ti.<\/p>\n<p style=\"text-align: justify;\">Exist\u0103 speran\u021b\u0103 pentru o Rom\u00e2nie care s\u0103 fie o sum\u0103 a tuturor acestor Rom\u00e2nii.<\/p>\n<p style=\"text-align: justify;\">Speran\u021ba o cl\u0103desc oameni <strong>drep\u021bi, curajo\u0219i, educa\u021bi \u0219i competen\u021bi.<\/strong> <strong>Ei vorbesc despre lucruri pe care le-au f\u0103cut deja. <\/strong>Ace\u0219ti oameni sunt peste tot \u00een Rom\u00e2nia. Mul\u021bi dintre ei, o spun cu toat\u0103 modestia, sunt \u00een PNL, colegi de-ai mei de toat\u0103 isprava.<\/p>\n<p style=\"text-align: justify;\">Al\u0103turi de colegii mei, avem la activ b\u0103t\u0103lii purtate \u0219i c\u00e2\u0219tigate \u00een Parlamentul European. Acolo ne-am luptat pentru Rom\u00e2nia \u0219i rom\u00e2ni. Am condus negocierile pentru bugetul Uniunii Europene \u0219i am ob\u021binut mai multe fonduri pentru Rom\u00e2nia. Am reu\u0219it s\u0103 aducem beneficii pentru IMM-uri rom\u00e2ne\u0219ti. Am eliminat taxa de roaming pentru rom\u00e2ni \u0219i pentru ceilal\u021bi cet\u0103\u021beni din UE. Am adus bani pentru fermierii no\u0219tri p\u0103gubi\u021bi de pesta porcin\u0103, burse europene \u201eErasmus\u201d pentru tinerii rom\u00e2ni, am ap\u0103rat locurile de munc\u0103 ale multor compatrio\u021bi \u0219i independen\u021ba justi\u021biei din Rom\u00e2nia.<\/p>\n<p style=\"text-align: justify;\">Oamenii din PNL au \u021binut cu Rom\u00e2nia la Bruxelles!<\/p>\n<p style=\"text-align: justify;\">La PNL sunt primari care au reu\u0219it s\u0103 schimbe \u00een bine fa\u021ba comunit\u0103\u021bilor, au adus bani europeni \u0219i i-au folosit pentru ridicarea localit\u0103\u021bilor lor din care oamenii nu mai pleac\u0103, ci vin s\u0103 tr\u0103iasc\u0103. Ora\u0219ele pe care le conduc se compar\u0103 cu ora\u0219e cunoscute din Vest. Oradea, Bra\u0219ov, Cluj, Sibiu, Timi\u0219oara, Suceava, Sinaia &#8211; sunt exemple care spun o singur\u0103 poveste: <strong>se poate \u0219i \u00een Rom\u00e2nia.<\/strong> <strong>\u00a0<\/strong><\/p>\n<p style=\"text-align: justify;\">Oamenii din PNL au ar\u0103tat c\u0103 se poate \u00een Rom\u00e2nia!<\/p>\n<p style=\"text-align: justify;\">Po\u021bi sta \u00een primul r\u00e2nd \u00een Europa dac\u0103 aici, acas\u0103, \u00eei pui pe rom\u00e2ni \u00een primul r\u00e2nd. Rom\u00e2nia european\u0103 \u00eenseamn\u0103 s\u0103 fii european aici, la tine acas\u0103. Casa \u00een care \u00ee\u021bi place s\u0103 tr\u0103ie\u0219ti, s\u0103-\u021bi cre\u0219ti copiii \u0219i s\u0103-\u021bi m\u00e2ng\u00e2i bunicii \u0219i p\u0103rin\u021bii. Obiectivul PNL este s\u0103 aduc\u0103 Europa \u00een Rom\u00e2nia, aici, acas\u0103. Adic\u0103 s\u0103 aducem \u00een Rom\u00e2nia standardele de via\u021b\u0103, de educa\u021bie, de civiliza\u021bie europene.<\/p>\n<p style=\"text-align: justify;\"><strong>Rom\u00e2nia mea nu e doar un vis. Exist\u0103 deja c\u00e2teva Rom\u00e2nii n\u0103scute din priceperea \u0219i patriotismul unor oameni buni care chiar exist\u0103 &#8211; un patriotism curat, nu fals cum e cel clamat de PSD. Patriotismul autentic mi\u0219c\u0103 lucruri, recl\u0103de\u0219te speran\u021ba. <\/strong><\/p>\n<p style=\"text-align: justify;\"><strong>Merg al\u0103turi de oameni buni \u00een aceast\u0103 competi\u021bie \u0219i sunt m\u00e2ndru de asta. \u00cemi doresc din toat\u0103 inima s\u0103 merge\u021bi \u0219i dumneavoastr\u0103 al\u0103turi de noi &#8211; pe 26 mai \u0219i pe mai departe.<\/strong><\/p>\n<p style=\"text-align: justify;\"><em>(Articol campania pentru alegerile europarlamentare a PNL)<\/em><\/p>\n","protected":false},"excerpt":{"rendered":"<p>Siegfried Mure\u0219an Rom\u00e2nia \u00eempline\u0219te<\/p>\n","protected":false},"author":1,"featured_media":0,"comment_status":"open","ping_status":"open","sticky":false,"template":"","format":"standard","meta":{"footnotes":""},"categories":[21],"tags":[],"class_list":["post-59548","post","type-post","status-publish","format-standard","hentry","category-opinia-mea"],"_links":{"self":[{"href":"https:\/\/www.giurgiuveanul.ro\/stiri\/wp-json\/wp\/v2\/posts\/59548","targetHints":{"allow":["GET"]}}],"collection":[{"href":"https:\/\/www.giurgiuveanul.ro\/stiri\/wp-json\/wp\/v2\/posts"}],"about":[{"href":"https:\/\/www.giurgiuveanul.ro\/stiri\/wp-json\/wp\/v2\/types\/post"}],"author":[{"embeddable":true,"href":"https:\/\/www.giurgiuveanul.ro\/stiri\/wp-json\/wp\/v2\/users\/1"}],"replies":[{"embeddable":true,"href":"https:\/\/www.giurgiuveanul.ro\/stiri\/wp-json\/wp\/v2\/comments?post=59548"}],"version-history":[{"count":0,"href":"https:\/\/www.giurgiuveanul.ro\/stiri\/wp-json\/wp\/v2\/posts\/59548\/revisions"}],"wp:attachment":[{"href":"https:\/\/www.giurgiuveanul.ro\/stiri\/wp-json\/wp\/v2\/media?parent=59548"}],"wp:term":[{"taxonomy":"category","embeddable":true,"href":"https:\/\/www.giurgiuveanul.ro\/stiri\/wp-json\/wp\/v2\/categories?post=59548"},{"taxonomy":"post_tag","embeddable":true,"href":"https:\/\/www.giurgiuveanul.ro\/stiri\/wp-json\/wp\/v2\/tags?post=59548"}],"curies":[{"name":"wp","href":"https:\/\/api.w.org\/{rel}","templated":true}]}}