{"id":59608,"date":"2019-04-21T14:24:10","date_gmt":"2019-04-21T11:24:10","guid":{"rendered":"https:\/\/www.giurgiuveanul.ro\/stiri\/?p=59608"},"modified":"2019-04-21T17:30:37","modified_gmt":"2019-04-21T14:30:37","slug":"intru-multi-ani-preasfintitul-parinte-dr-ambrozie-episcopul-giurgiului-sarbatorit-implinirea-varstei-de-50-de-ani","status":"publish","type":"post","link":"https:\/\/www.giurgiuveanul.ro\/stiri\/intru-multi-ani-preasfintitul-parinte-dr-ambrozie-episcopul-giurgiului-sarbatorit-implinirea-varstei-de-50-de-ani\/","title":{"rendered":"\u00centru Mul\u0163i Ani! Preasfin\u021bitul P\u0103rinte Dr. Ambrozie, Episcopul Giurgiului, a s\u0103rb\u0103torit \u00eemplinirea v\u00e2rstei de 50 de ani!"},"content":{"rendered":"<p style=\"text-align: justify;\"><strong><a href=\"https:\/\/www.giurgiuveanul.ro\/stiri\/wp-content\/uploads\/2019\/04\/57382398_1037192613147437_3555320781703479296_n.jpg\"><img loading=\"lazy\" decoding=\"async\" class=\"aligncenter size-large wp-image-59609\" src=\"https:\/\/www.giurgiuveanul.ro\/stiri\/wp-content\/uploads\/2019\/04\/57382398_1037192613147437_3555320781703479296_n-401x450.jpg\" alt=\"57382398_1037192613147437_3555320781703479296_n\" width=\"401\" height=\"450\" srcset=\"https:\/\/www.giurgiuveanul.ro\/stiri\/wp-content\/uploads\/2019\/04\/57382398_1037192613147437_3555320781703479296_n-401x450.jpg 401w, https:\/\/www.giurgiuveanul.ro\/stiri\/wp-content\/uploads\/2019\/04\/57382398_1037192613147437_3555320781703479296_n-250x280.jpg 250w, https:\/\/www.giurgiuveanul.ro\/stiri\/wp-content\/uploads\/2019\/04\/57382398_1037192613147437_3555320781703479296_n-400x449.jpg 400w, https:\/\/www.giurgiuveanul.ro\/stiri\/wp-content\/uploads\/2019\/04\/57382398_1037192613147437_3555320781703479296_n.jpg 856w\" sizes=\"auto, (max-width: 401px) 100vw, 401px\" \/><\/a>Preasfin\u0163itul Ambrozie, Episcopul Giurgiului, <!--more-->a aniverseat, ieri,\u00a020 aprilie 2019,\u00a0\u00eemplinirea v\u00e2rstei de 50 de ani.<\/strong><\/p>\n<p style=\"text-align: justify;\">Cu acest prilej, \u00cent\u00e2ist\u0103t\u0103t\u0103torul eparhiei noastre, \u00eenconjurat de un ales sobor de preo\u0163i \u015fi de diaconi, a s\u0103v\u00e2r\u015fit\u00a0<em>Sf\u00e2nta Liturghie<\/em>\u00a0\u00een\u00a0<strong><em>noua Catedrala Episcopal\u0103<\/em><\/strong>\u00a0din municipiul Giurgiu, cu hramurile\u00a0<strong><em>Sf. Ierarh Vasile cel Mare<\/em><\/strong>\u00a0\u0219i\u00a0<strong><em>Sf. Mare Mucenic Gheorghe.<\/em><\/strong><\/p>\n<p><a href=\"https:\/\/www.giurgiuveanul.ro\/stiri\/wp-content\/uploads\/2019\/04\/57441766_1037193133147385_4467156589345767424_o.jpg\"><img loading=\"lazy\" decoding=\"async\" class=\"aligncenter size-large wp-image-59610\" src=\"https:\/\/www.giurgiuveanul.ro\/stiri\/wp-content\/uploads\/2019\/04\/57441766_1037193133147385_4467156589345767424_o-560x339.jpg\" alt=\"57441766_1037193133147385_4467156589345767424_o\" width=\"560\" height=\"339\" srcset=\"https:\/\/www.giurgiuveanul.ro\/stiri\/wp-content\/uploads\/2019\/04\/57441766_1037193133147385_4467156589345767424_o-560x339.jpg 560w, https:\/\/www.giurgiuveanul.ro\/stiri\/wp-content\/uploads\/2019\/04\/57441766_1037193133147385_4467156589345767424_o-250x151.jpg 250w, https:\/\/www.giurgiuveanul.ro\/stiri\/wp-content\/uploads\/2019\/04\/57441766_1037193133147385_4467156589345767424_o-400x242.jpg 400w, https:\/\/www.giurgiuveanul.ro\/stiri\/wp-content\/uploads\/2019\/04\/57441766_1037193133147385_4467156589345767424_o.jpg 2048w\" sizes=\"auto, (max-width: 560px) 100vw, 560px\" \/><\/a><\/p>\n<p style=\"text-align: justify;\">Credincio\u015fii prezen\u0163i s-au \u00eenchinat la p\u0103rticele din moa\u015ftele<em>\u00a0Sfintei Mari Muceni\u0163e Ecaterina\u00a0<\/em><em>\u0219i ale Sf\u00e2ntului Mare Mucenic Gheorghe.<\/em><\/p>\n<p style=\"text-align: justify;\">\u00cen cuv\u00e2ntul de \u00eenv\u0103\u0163\u0103tur\u0103, Chiriarhul nostru a vorbit despre sensurile duhovnice\u015fti desprinse din pericopa evanghelic\u0103, dar \u015fi despre semnifica\u0163ia S\u00e2mbetei lui Laz\u0103r, cea care ne preg\u0103te\u0219te s\u0103 vedem \u00eenaintarea lui Hristos spre jertfa de pe cruce.\u00a0<em>S\u0103rb\u0103toarea Intr\u0103rii Domnului \u00een Ierusalim pe care o s\u0103rb\u0103torim m\u00e2ine,<\/em>\u00a0a ar\u0103tat Preasfin\u0163ia Sa,\u00a0<em>este considerat\u0103 ca un preludiu al patimirilor Domnului, dar \u015fi ca o poart\u0103 spre \u00cenviere. Cu toate c\u0103 M\u00e2ntuitorul intr\u0103 \u00een Ierusalim c\u0103lare pe cel mai smerit animal, totu\u015fi mul\u0163imile L-au primit ca pe un \u00eemp\u0103rat; aceasta, pentru c\u0103 \u00censu\u015fi Duhul Sf\u00e2nt i-a luminat s\u0103 \u00een\u0163eleag\u0103 \u015fi s\u0103 m\u0103rturiseasc\u0103 pe \u00eemp\u0103ratul lui Israel.<\/em><\/p>\n<p style=\"text-align: justify;\">De asemenea,\u00a0<em>Preasfin<\/em><em>\u021bia Sa \u015fi-a exprimat recuno\u015ftin\u0163a fa\u0163\u0103 de str\u0103daniile preo\u021bilor\u00a0\u0219i ale binecredincio\u0219ilor cre\u0219tini ai Episcopiei Giurgiului, care \u00eel fac s\u0103 se simt\u0103 legat suflete\u0219<\/em><em>te de aceast\u0103 de Dumnezeu p\u0103zit\u0103 eparhie.<\/em>Totodat\u0103, Chiriarhul nostru a adus mul\u021bumire Bunului\u00a0\u0219i Milostivului Dumnezeu pentru \u00eemplinirea celor 50 de ani de via\u021b\u0103, precum \u0219i pentru anii de arhip\u0103storire \u00een binecuv\u00e2ntatele plaiuri giurgiuvene\u00a0\u0219i pentru toate binefacerile rev\u0103rsate asupra Episcopiei Giurgiului.<\/p>\n<p style=\"text-align: justify;\">\u00cen continuare, P\u0103rintele Cons.\u00a0\u0218tefan Valentin, parohul catedralei, a vorbit despre\u00a0<em>bogata\u00a0<\/em><em>\u0219i rodnica activitate a Preasfin\u021bitului P\u0103rinte Episcop Ambrozie \u00een Eparhia Girgiului, mul\u0163umind, totodat\u0103, M\u00e2ntuitorului Hristos pentru d\u0103ruirea, vrednicia, jertfelnicia, r\u00e2vna \u015fi dragostea cu care Chiriarhul nostru a \u00eenmul\u0163it darurile pe care Dumnezeu le-a rev\u0103rsat cu at\u00e2ta \u00eembel\u015fugare asupra persoanei Preasfin\u0163iei Sale.<\/em><\/p>\n<p style=\"text-align: justify;\">La final, Preasfin\u021bitul P\u0103rinte Episcop Ambrozie l-a felicitat pe p\u0103rintele paroh\u00a0\u0218tefan Valentin, consilier social al Episcopiei Giurgiului, pentru frumoasa activitate pastoral-misionar\u0103 desfa\u0219urat\u0103 la<em>\u00a0cea mai mare\u00a0<\/em><em>\u0219i \u00eenalt\u0103 biserica din jude\u021b<\/em><em>ul nostru,<\/em>\u00a0oferindu-i icoane, o\u00a0<em>Sf\u00e2nta Evanghelie<\/em>,\u00a0<em>mai multe c\u0103r<\/em><em>\u021bi de cult\u00a0<\/em>\u0219i publicatii ap\u0103rute la editura eparhial\u0103, iar numero\u0219ilor credincio\u0219i le-a d\u0103ruit iconi\u021be cu scena\u00a0<em>Intr\u0103rii Domnului \u00een Ierusalim<\/em>,\u00a0<em>Pastorala la \u00cenvierea Domnului.<\/em><\/p>\n<p><a href=\"https:\/\/www.giurgiuveanul.ro\/stiri\/wp-content\/uploads\/2019\/04\/57456907_1037191869814178_7042590392172150784_o.jpg\"><img loading=\"lazy\" decoding=\"async\" class=\"aligncenter size-large wp-image-59611\" src=\"https:\/\/www.giurgiuveanul.ro\/stiri\/wp-content\/uploads\/2019\/04\/57456907_1037191869814178_7042590392172150784_o-560x194.jpg\" alt=\"57456907_1037191869814178_7042590392172150784_o\" width=\"560\" height=\"194\" srcset=\"https:\/\/www.giurgiuveanul.ro\/stiri\/wp-content\/uploads\/2019\/04\/57456907_1037191869814178_7042590392172150784_o-560x194.jpg 560w, https:\/\/www.giurgiuveanul.ro\/stiri\/wp-content\/uploads\/2019\/04\/57456907_1037191869814178_7042590392172150784_o-250x87.jpg 250w, https:\/\/www.giurgiuveanul.ro\/stiri\/wp-content\/uploads\/2019\/04\/57456907_1037191869814178_7042590392172150784_o-400x139.jpg 400w\" sizes=\"auto, (max-width: 560px) 100vw, 560px\" \/><\/a><\/p>\n<p><a href=\"https:\/\/www.giurgiuveanul.ro\/stiri\/wp-content\/uploads\/2019\/04\/57502873_1037191716480860_3496357516453871616_n.jpg\"><img loading=\"lazy\" decoding=\"async\" class=\"aligncenter size-large wp-image-59612\" src=\"https:\/\/www.giurgiuveanul.ro\/stiri\/wp-content\/uploads\/2019\/04\/57502873_1037191716480860_3496357516453871616_n-398x450.jpg\" alt=\"57502873_1037191716480860_3496357516453871616_n\" width=\"398\" height=\"450\" srcset=\"https:\/\/www.giurgiuveanul.ro\/stiri\/wp-content\/uploads\/2019\/04\/57502873_1037191716480860_3496357516453871616_n-398x450.jpg 398w, https:\/\/www.giurgiuveanul.ro\/stiri\/wp-content\/uploads\/2019\/04\/57502873_1037191716480860_3496357516453871616_n-250x282.jpg 250w, https:\/\/www.giurgiuveanul.ro\/stiri\/wp-content\/uploads\/2019\/04\/57502873_1037191716480860_3496357516453871616_n-400x452.jpg 400w, https:\/\/www.giurgiuveanul.ro\/stiri\/wp-content\/uploads\/2019\/04\/57502873_1037191716480860_3496357516453871616_n.jpg 850w\" sizes=\"auto, (max-width: 398px) 100vw, 398px\" \/><\/a><\/p>\n<p><a href=\"https:\/\/www.giurgiuveanul.ro\/stiri\/wp-content\/uploads\/2019\/04\/58380106_1037193059814059_1916930155738038272_o.jpg\"><img loading=\"lazy\" decoding=\"async\" class=\"aligncenter size-large wp-image-59613\" src=\"https:\/\/www.giurgiuveanul.ro\/stiri\/wp-content\/uploads\/2019\/04\/58380106_1037193059814059_1916930155738038272_o-493x450.jpg\" alt=\"58380106_1037193059814059_1916930155738038272_o\" width=\"493\" height=\"450\" srcset=\"https:\/\/www.giurgiuveanul.ro\/stiri\/wp-content\/uploads\/2019\/04\/58380106_1037193059814059_1916930155738038272_o-493x450.jpg 493w, https:\/\/www.giurgiuveanul.ro\/stiri\/wp-content\/uploads\/2019\/04\/58380106_1037193059814059_1916930155738038272_o-250x228.jpg 250w, https:\/\/www.giurgiuveanul.ro\/stiri\/wp-content\/uploads\/2019\/04\/58380106_1037193059814059_1916930155738038272_o-400x365.jpg 400w, https:\/\/www.giurgiuveanul.ro\/stiri\/wp-content\/uploads\/2019\/04\/58380106_1037193059814059_1916930155738038272_o.jpg 2048w\" sizes=\"auto, (max-width: 493px) 100vw, 493px\" \/><\/a><\/p>\n<p><a href=\"https:\/\/www.giurgiuveanul.ro\/stiri\/wp-content\/uploads\/2019\/04\/58583721_1037192796480752_785092306284838912_n.jpg\"><img loading=\"lazy\" decoding=\"async\" class=\"aligncenter size-large wp-image-59614\" src=\"https:\/\/www.giurgiuveanul.ro\/stiri\/wp-content\/uploads\/2019\/04\/58583721_1037192796480752_785092306284838912_n-394x450.jpg\" alt=\"58583721_1037192796480752_785092306284838912_n\" width=\"394\" height=\"450\" srcset=\"https:\/\/www.giurgiuveanul.ro\/stiri\/wp-content\/uploads\/2019\/04\/58583721_1037192796480752_785092306284838912_n-394x450.jpg 394w, https:\/\/www.giurgiuveanul.ro\/stiri\/wp-content\/uploads\/2019\/04\/58583721_1037192796480752_785092306284838912_n-250x286.jpg 250w, https:\/\/www.giurgiuveanul.ro\/stiri\/wp-content\/uploads\/2019\/04\/58583721_1037192796480752_785092306284838912_n-400x457.jpg 400w, https:\/\/www.giurgiuveanul.ro\/stiri\/wp-content\/uploads\/2019\/04\/58583721_1037192796480752_785092306284838912_n.jpg 840w\" sizes=\"auto, (max-width: 394px) 100vw, 394px\" \/><\/a><\/p>\n","protected":false},"excerpt":{"rendered":"<p>Preasfin\u0163itul Ambrozie, Episcopul Giurgiului,<\/p>\n","protected":false},"author":1,"featured_media":0,"comment_status":"open","ping_status":"open","sticky":false,"template":"","format":"standard","meta":{"footnotes":""},"categories":[16],"tags":[],"class_list":["post-59608","post","type-post","status-publish","format-standard","hentry","category-astazi-e-ziua-ta"],"_links":{"self":[{"href":"https:\/\/www.giurgiuveanul.ro\/stiri\/wp-json\/wp\/v2\/posts\/59608","targetHints":{"allow":["GET"]}}],"collection":[{"href":"https:\/\/www.giurgiuveanul.ro\/stiri\/wp-json\/wp\/v2\/posts"}],"about":[{"href":"https:\/\/www.giurgiuveanul.ro\/stiri\/wp-json\/wp\/v2\/types\/post"}],"author":[{"embeddable":true,"href":"https:\/\/www.giurgiuveanul.ro\/stiri\/wp-json\/wp\/v2\/users\/1"}],"replies":[{"embeddable":true,"href":"https:\/\/www.giurgiuveanul.ro\/stiri\/wp-json\/wp\/v2\/comments?post=59608"}],"version-history":[{"count":0,"href":"https:\/\/www.giurgiuveanul.ro\/stiri\/wp-json\/wp\/v2\/posts\/59608\/revisions"}],"wp:attachment":[{"href":"https:\/\/www.giurgiuveanul.ro\/stiri\/wp-json\/wp\/v2\/media?parent=59608"}],"wp:term":[{"taxonomy":"category","embeddable":true,"href":"https:\/\/www.giurgiuveanul.ro\/stiri\/wp-json\/wp\/v2\/categories?post=59608"},{"taxonomy":"post_tag","embeddable":true,"href":"https:\/\/www.giurgiuveanul.ro\/stiri\/wp-json\/wp\/v2\/tags?post=59608"}],"curies":[{"name":"wp","href":"https:\/\/api.w.org\/{rel}","templated":true}]}}