{"id":59669,"date":"2019-04-25T08:52:20","date_gmt":"2019-04-25T05:52:20","guid":{"rendered":"https:\/\/www.giurgiuveanul.ro\/stiri\/?p=59669"},"modified":"2019-04-25T08:52:20","modified_gmt":"2019-04-25T05:52:20","slug":"anunt-de-presa-17","status":"publish","type":"post","link":"https:\/\/www.giurgiuveanul.ro\/stiri\/anunt-de-presa-17\/","title":{"rendered":"ANUN\u021a DE PRES\u0102"},"content":{"rendered":"<p style=\"text-align: center;\"><strong><a href=\"https:\/\/www.giurgiuveanul.ro\/stiri\/wp-content\/uploads\/2019\/04\/sigla-1.jpg\"><img loading=\"lazy\" decoding=\"async\" class=\"aligncenter size-large wp-image-59654\" src=\"https:\/\/www.giurgiuveanul.ro\/stiri\/wp-content\/uploads\/2019\/04\/sigla-1-560x98.jpg\" alt=\"sigla-1\" width=\"560\" height=\"98\" srcset=\"https:\/\/www.giurgiuveanul.ro\/stiri\/wp-content\/uploads\/2019\/04\/sigla-1-560x98.jpg 560w, https:\/\/www.giurgiuveanul.ro\/stiri\/wp-content\/uploads\/2019\/04\/sigla-1-250x44.jpg 250w, https:\/\/www.giurgiuveanul.ro\/stiri\/wp-content\/uploads\/2019\/04\/sigla-1-400x70.jpg 400w, https:\/\/www.giurgiuveanul.ro\/stiri\/wp-content\/uploads\/2019\/04\/sigla-1.jpg 800w\" sizes=\"auto, (max-width: 560px) 100vw, 560px\" \/><\/a>ANUN\u021a DE PRES\u0102<\/strong><\/p>\n<p style=\"text-align: right;\"><em>Giurgiu, 25.04.2019<\/em><\/p>\n<p style=\"text-align: center;\"><strong>Proiectul: Eficientizare energetic\u0103 Gr\u0103dini\u021ba cu Program Prelungit C\u0103su\u021ba Fermecat\u0103<!--more--><\/strong><\/p>\n<p style=\"text-align: center;\"><strong>(Gr\u0103dini\u021ba nr.4) din Municipiul Giurgiu,<\/strong><\/p>\n<p style=\"text-align: center;\">Cod SMIS:\u00a0117919, Apel:\u00a0POR\/2016\/3\/3.1\/B\/1\/7REGIUNI,<\/p>\n<p style=\"text-align: center;\">va beneficia de finan\u021bare european\u0103<\/p>\n<p>\u00cen data de 29 martie 2019, s-a semnat Contractul de finan\u021bare nerambursabil\u0103 nr. 4097 \u00eencheiat \u00eentre Ministerul Dezvolt\u0103rii Regionale \u0219i Administra\u0163iei Publice \u00een calitate de Autoritate de Management pentru Programul Opera\u0163ional Regional 2014-2020, Agen\u0163ia pentru Dezvoltare Regional\u0103 Sud Muntenia \u00een calitate de Organism Intermediar pentru Programul Opera\u0163ional Regional 2014-2020 \u0219i Unitatea Administrativ \u2013 Teritorial\u0103 Municipiul Giurgiu \u00een calitate de beneficiar, pentru finan\u0163area prin Programul Opera\u0163ional Regional 2014-2020 a proiectului <strong><em>&#8221;<\/em>Eficientizare energetic\u0103 Gradinita cu Program Prelungit C\u0103su\u021ba Fermecat\u0103 (Gr\u0103dini\u021ba nr.4 ) din Municipiul Giurgiu<em>&#8221;<\/em>.<\/strong><\/p>\n<p>Durata de implementare a proiectului este de 41 de luni (01.10.2016 &#8211; 29.02.2020).<\/p>\n<p>Valoarea total\u0103 a contractului de finan\u0163are nerambursabil\u0103 este de <strong>2.033.273,35 lei<\/strong> din care:<\/p>\n<p>&#8211; <strong>1.728.282,35 lei<\/strong> (85%) de la Fondul European pentru Dezvoltare Regional\u0103,<\/p>\n<p>&#8211; <strong>264.325,53 lei<\/strong> (13%)\u00a0 contribu\u021bie de la\u00a0 Bugetul Na\u021bional,<\/p>\n<p>&#8211; <strong>40.665,47<\/strong> lei (2%) contribu\u0163ia de la Bugetul Local<\/p>\n<p><strong>Obiectivul general al proiectului <\/strong>este cre\u0219terea eficien\u021bei energetice \u00een cl\u0103direa \u00een care func\u021bioneaz\u0103 Gr\u0103dini\u021ba nr. 4 &#8222;C\u0103su\u021ba Fermecat\u0103&#8221;, situat\u0103 \u00een municipiul Giurgiu Str. Tineretului nr.42, prin optimizarea eficientei energetice \u00een scopul reducerii pierderilor energetice \u0219i implicit a sc\u0103derii costurilor cu energia termica.<\/p>\n<p>Persoan\u0103 de contact: Mircea Cristian<\/p>\n<p><a href=\"https:\/\/www.giurgiuveanul.ro\/stiri\/wp-content\/uploads\/2019\/04\/sigla-primaria-giurgiu.png\"><img loading=\"lazy\" decoding=\"async\" class=\"aligncenter size-full wp-image-59670\" src=\"https:\/\/www.giurgiuveanul.ro\/stiri\/wp-content\/uploads\/2019\/04\/sigla-primaria-giurgiu.png\" alt=\"sigla primaria giurgiu\" width=\"116\" height=\"171\" \/><\/a><\/p>\n<p style=\"text-align: center;\"><strong>Prim\u0103ria Municipiului Giurgiu<\/strong><\/p>\n<p style=\"text-align: center;\"><strong>Adresa: B-dul Bucure\u015fti, nr. 49-51,<\/strong><\/p>\n<p style=\"text-align: center;\"><strong>Telefon: 004.246.211.627, fax: 0040.246.215.405<\/strong><\/p>\n<p style=\"text-align: center;\"><a href=\"https:\/\/www.giurgiuveanul.ro\/stiri\/wp-content\/uploads\/2019\/04\/Sigla-2.jpg\"><img loading=\"lazy\" decoding=\"async\" class=\"aligncenter size-large wp-image-59655\" src=\"https:\/\/www.giurgiuveanul.ro\/stiri\/wp-content\/uploads\/2019\/04\/Sigla-2-560x97.jpg\" alt=\"Sigla 2\" width=\"560\" height=\"97\" srcset=\"https:\/\/www.giurgiuveanul.ro\/stiri\/wp-content\/uploads\/2019\/04\/Sigla-2-560x97.jpg 560w, https:\/\/www.giurgiuveanul.ro\/stiri\/wp-content\/uploads\/2019\/04\/Sigla-2-250x43.jpg 250w, https:\/\/www.giurgiuveanul.ro\/stiri\/wp-content\/uploads\/2019\/04\/Sigla-2-400x70.jpg 400w, https:\/\/www.giurgiuveanul.ro\/stiri\/wp-content\/uploads\/2019\/04\/Sigla-2.jpg 800w\" sizes=\"auto, (max-width: 560px) 100vw, 560px\" \/><\/a><\/p>\n","protected":false},"excerpt":{"rendered":"<p>ANUN\u021a DE PRES\u0102 Giurgiu, 25.04.2019 Proiectul: Eficientizare energetic\u0103 Gr\u0103dini\u021ba cu Program Prelungit C\u0103su\u021ba Fermecat\u0103<\/p>\n","protected":false},"author":1,"featured_media":0,"comment_status":"open","ping_status":"open","sticky":false,"template":"","format":"standard","meta":{"footnotes":""},"categories":[73],"tags":[],"class_list":["post-59669","post","type-post","status-publish","format-standard","hentry","category-anunturi"],"_links":{"self":[{"href":"https:\/\/www.giurgiuveanul.ro\/stiri\/wp-json\/wp\/v2\/posts\/59669","targetHints":{"allow":["GET"]}}],"collection":[{"href":"https:\/\/www.giurgiuveanul.ro\/stiri\/wp-json\/wp\/v2\/posts"}],"about":[{"href":"https:\/\/www.giurgiuveanul.ro\/stiri\/wp-json\/wp\/v2\/types\/post"}],"author":[{"embeddable":true,"href":"https:\/\/www.giurgiuveanul.ro\/stiri\/wp-json\/wp\/v2\/users\/1"}],"replies":[{"embeddable":true,"href":"https:\/\/www.giurgiuveanul.ro\/stiri\/wp-json\/wp\/v2\/comments?post=59669"}],"version-history":[{"count":0,"href":"https:\/\/www.giurgiuveanul.ro\/stiri\/wp-json\/wp\/v2\/posts\/59669\/revisions"}],"wp:attachment":[{"href":"https:\/\/www.giurgiuveanul.ro\/stiri\/wp-json\/wp\/v2\/media?parent=59669"}],"wp:term":[{"taxonomy":"category","embeddable":true,"href":"https:\/\/www.giurgiuveanul.ro\/stiri\/wp-json\/wp\/v2\/categories?post=59669"},{"taxonomy":"post_tag","embeddable":true,"href":"https:\/\/www.giurgiuveanul.ro\/stiri\/wp-json\/wp\/v2\/tags?post=59669"}],"curies":[{"name":"wp","href":"https:\/\/api.w.org\/{rel}","templated":true}]}}