{"id":5985,"date":"2013-06-27T09:05:32","date_gmt":"2013-06-27T06:05:32","guid":{"rendered":"https:\/\/www.giurgiuveanul.ro\/stiri\/?p=5985"},"modified":"2013-06-27T09:23:05","modified_gmt":"2013-06-27T06:23:05","slug":"la-multi-ani-raluca-theodora-mocanu","status":"publish","type":"post","link":"https:\/\/www.giurgiuveanul.ro\/stiri\/la-multi-ani-raluca-theodora-mocanu\/","title":{"rendered":"LA MUL\u0162I ANI, RALUCA THEODORA MOCANU!"},"content":{"rendered":"<p style=\"text-align: justify;\" align=\"center\"><a href=\"https:\/\/www.giurgiuveanul.ro\/stiri\/wp-content\/uploads\/2013\/06\/Raluca-Teodora-Mocanu.jpg\"><img loading=\"lazy\" decoding=\"async\" class=\"aligncenter size-large wp-image-5986\" alt=\"Raluca Teodora Mocanu\" src=\"https:\/\/www.giurgiuveanul.ro\/stiri\/wp-content\/uploads\/2013\/06\/Raluca-Teodora-Mocanu-452x450.jpg\" width=\"452\" height=\"450\" srcset=\"https:\/\/www.giurgiuveanul.ro\/stiri\/wp-content\/uploads\/2013\/06\/Raluca-Teodora-Mocanu-452x450.jpg 452w, https:\/\/www.giurgiuveanul.ro\/stiri\/wp-content\/uploads\/2013\/06\/Raluca-Teodora-Mocanu-250x248.jpg 250w, https:\/\/www.giurgiuveanul.ro\/stiri\/wp-content\/uploads\/2013\/06\/Raluca-Teodora-Mocanu-200x200.jpg 200w, https:\/\/www.giurgiuveanul.ro\/stiri\/wp-content\/uploads\/2013\/06\/Raluca-Teodora-Mocanu-400x397.jpg 400w, https:\/\/www.giurgiuveanul.ro\/stiri\/wp-content\/uploads\/2013\/06\/Raluca-Teodora-Mocanu.jpg 800w\" sizes=\"auto, (max-width: 452px) 100vw, 452px\" \/><\/a>Ast\u0103zi \u00eempline\u015fti cea mai frumoas\u0103 v\u00e2rst\u0103 a vie\u0163ii \u015fi o via\u0163\u0103 nou\u0103 te a\u015fteapt\u0103, iar noi, p\u0103rin\u0163ii t\u0103i, \u00ee\u0163i dorim s\u0103 fie plin\u0103 de dragoste \u015fi fericire. Te vom iubi \u00een continuare la fel, te vom iubi \u00eentotdeauna, indiferent ce vei spune \u015fi ce vei face pentru c\u0103 e\u015fti o parte a sufletului nostru, cea mai frumoas\u0103 parte, \u015fi cele mai fericite momente din via\u0163\u0103 noastr\u0103 le-am<!--more--> tr\u0103it prin tine. LA MUL\u0162I ANI!<\/p>\n<p style=\"text-align: justify;\" align=\"center\"><em>Cu drag, p\u0103rin\u0163ii t\u0103i<\/em><\/p>\n<p style=\"text-align: justify;\" align=\"center\">P.S.\u00a0Pentru ca aduci fericire celor din jurul t\u0103u, drag\u0103 Raluca Teodora, \u015fi noi \u00ee\u0163i ur\u0103m o zi plin\u0103 de bucurii \u015fi de surprize care s\u0103 se \u0163in\u0103 de tine toat\u0103 via\u0163a!<\/p>\n","protected":false},"excerpt":{"rendered":"<p>Ast\u0103zi \u00eempline\u015fti cea mai frumoas\u0103 v\u00e2rst\u0103 a vie\u0163ii \u015fi o via\u0163\u0103 nou\u0103 te a\u015fteapt\u0103, iar noi, p\u0103rin\u0163ii t\u0103i, \u00ee\u0163i dorim s\u0103 fie plin\u0103 de dragoste \u015fi fericire. Te vom iubi \u00een continuare la fel, te vom iubi \u00eentotdeauna, indiferent ce vei spune \u015fi ce vei face pentru c\u0103 e\u015fti o parte a sufletului nostru, cea [&hellip;]<\/p>\n","protected":false},"author":2,"featured_media":0,"comment_status":"open","ping_status":"open","sticky":false,"template":"","format":"standard","meta":{"footnotes":""},"categories":[16],"tags":[],"class_list":["post-5985","post","type-post","status-publish","format-standard","hentry","category-astazi-e-ziua-ta"],"_links":{"self":[{"href":"https:\/\/www.giurgiuveanul.ro\/stiri\/wp-json\/wp\/v2\/posts\/5985","targetHints":{"allow":["GET"]}}],"collection":[{"href":"https:\/\/www.giurgiuveanul.ro\/stiri\/wp-json\/wp\/v2\/posts"}],"about":[{"href":"https:\/\/www.giurgiuveanul.ro\/stiri\/wp-json\/wp\/v2\/types\/post"}],"author":[{"embeddable":true,"href":"https:\/\/www.giurgiuveanul.ro\/stiri\/wp-json\/wp\/v2\/users\/2"}],"replies":[{"embeddable":true,"href":"https:\/\/www.giurgiuveanul.ro\/stiri\/wp-json\/wp\/v2\/comments?post=5985"}],"version-history":[{"count":0,"href":"https:\/\/www.giurgiuveanul.ro\/stiri\/wp-json\/wp\/v2\/posts\/5985\/revisions"}],"wp:attachment":[{"href":"https:\/\/www.giurgiuveanul.ro\/stiri\/wp-json\/wp\/v2\/media?parent=5985"}],"wp:term":[{"taxonomy":"category","embeddable":true,"href":"https:\/\/www.giurgiuveanul.ro\/stiri\/wp-json\/wp\/v2\/categories?post=5985"},{"taxonomy":"post_tag","embeddable":true,"href":"https:\/\/www.giurgiuveanul.ro\/stiri\/wp-json\/wp\/v2\/tags?post=5985"}],"curies":[{"name":"wp","href":"https:\/\/api.w.org\/{rel}","templated":true}]}}