{"id":59851,"date":"2019-05-07T16:06:13","date_gmt":"2019-05-07T13:06:13","guid":{"rendered":"https:\/\/www.giurgiuveanul.ro\/stiri\/?p=59851"},"modified":"2019-05-07T16:06:13","modified_gmt":"2019-05-07T13:06:13","slug":"penitenciarul-giurgiu-selectioneaza-candidati","status":"publish","type":"post","link":"https:\/\/www.giurgiuveanul.ro\/stiri\/penitenciarul-giurgiu-selectioneaza-candidati\/","title":{"rendered":"Penitenciarul Giurgiu selec\u021bioneaz\u0103 candida\u021bi"},"content":{"rendered":"<p id=\"yui_3_16_0_ym19_1_1557234078278_2963\" class=\"yiv5800732986MsoNormal\" style=\"text-align: justify;\"><strong><a href=\"https:\/\/www.giurgiuveanul.ro\/stiri\/wp-content\/uploads\/2019\/05\/agenti-de-penitenciare-Targu-Ocna.jpg\"><img loading=\"lazy\" decoding=\"async\" class=\"aligncenter size-large wp-image-59852\" src=\"https:\/\/www.giurgiuveanul.ro\/stiri\/wp-content\/uploads\/2019\/05\/agenti-de-penitenciare-Targu-Ocna-560x420.jpg\" alt=\"agenti-de-penitenciare-Targu-Ocna\" width=\"560\" height=\"420\" srcset=\"https:\/\/www.giurgiuveanul.ro\/stiri\/wp-content\/uploads\/2019\/05\/agenti-de-penitenciare-Targu-Ocna-560x420.jpg 560w, https:\/\/www.giurgiuveanul.ro\/stiri\/wp-content\/uploads\/2019\/05\/agenti-de-penitenciare-Targu-Ocna-250x188.jpg 250w, https:\/\/www.giurgiuveanul.ro\/stiri\/wp-content\/uploads\/2019\/05\/agenti-de-penitenciare-Targu-Ocna-400x300.jpg 400w, https:\/\/www.giurgiuveanul.ro\/stiri\/wp-content\/uploads\/2019\/05\/agenti-de-penitenciare-Targu-Ocna.jpg 720w\" sizes=\"auto, (max-width: 560px) 100vw, 560px\" \/><\/a>Penitenciarul Giurgiu selec\u021bioneaz\u0103 candida\u021bi pentru<!--more--> institu\u021biile de \u00eenv\u0103\u021b\u0103m\u00e2nt din sistemul de ap\u0103rare, ordine public\u0103 \u0219i siguran\u021b\u0103 na\u021bional\u0103, care preg\u0103tesc personal pentru sistemul administra\u021biei penitenciare, sesiunea de admitere 2019, dup\u0103 cum urmeaz\u0103:<\/strong><\/p>\n<p id=\"yui_3_16_0_ym19_1_1557234078278_2969\" class=\"yiv5800732986MsoNormal\"><b id=\"yui_3_16_0_ym19_1_1557234078278_3196\">\u00a0<\/b><\/p>\n<p id=\"yui_3_16_0_ym19_1_1557234078278_3195\" class=\"yiv5800732986MsoNormal\"><b id=\"yui_3_16_0_ym19_1_1557234078278_3194\"><span id=\"yui_3_16_0_ym19_1_1557234078278_3193\" style=\"text-decoration: underline;\">INSTITU\u021aII DE \u00ceNV\u0102\u021a\u0102M\u00c2NT UNIVERSITAR<\/span><\/b><\/p>\n<p id=\"yui_3_16_0_ym19_1_1557234078278_3182\" class=\"yiv5800732986MsoNormal\"><b><span style=\"text-decoration: underline;\">1<\/span><\/b><span id=\"yui_3_16_0_ym19_1_1557234078278_3181\" style=\"text-decoration: underline;\">.\u00a0<b id=\"yui_3_16_0_ym19_1_1557234078278_3180\">Academia de Poli\u021bie \u201eAlexandru Ioan Cuza\u201d Bucure\u0219ti (cursuri de zi, durata 3 ani):<\/b><\/span><\/p>\n<p id=\"yui_3_16_0_ym19_1_1557234078278_3192\" class=\"yiv5800732986MsoNormal\">Facultatea de Poli\u021bie &#8211; specializarea:\u00a0<span lang=\"EN-US\">\u201d<\/span>Ordine \u0219i siguran\u021b\u0103 public\u0103 &#8211; \u201epenitenciare\u201d &#8211;\u00a0<b>40<\/b>\u00a0locuri (B+F)<\/p>\n<p id=\"yui_3_16_0_ym19_1_1557234078278_3183\" class=\"yiv5800732986MsoNormal\">\n<p id=\"yui_3_16_0_ym19_1_1557234078278_3191\" class=\"yiv5800732986MsoNormal\"><b><span style=\"text-decoration: underline;\">2.<\/span><\/b><span id=\"yui_3_16_0_ym19_1_1557234078278_3190\" style=\"text-decoration: underline;\">\u00a0<b id=\"yui_3_16_0_ym19_1_1557234078278_3189\">Academia Na\u021bional\u0103 de Informa\u021bii \u201eMihai Viteazul\u201d Bucure\u0219ti (cursuri de zi, durata 3 ani):<\/b><\/span><\/p>\n<p id=\"yui_3_16_0_ym19_1_1557234078278_3184\" class=\"yiv5800732986MsoNormal\">\u00a0 Facultatea de Informa\u021bii &#8211; specializarea: \u201ePsihologie-Informa\u021bii\u201d &#8211;\u00a0<b>5<\/b>\u00a0locuri (B+F)<\/p>\n<p id=\"yui_3_16_0_ym19_1_1557234078278_3188\" class=\"yiv5800732986MsoNormal\">\n<p id=\"yui_3_16_0_ym19_1_1557234078278_3187\" class=\"yiv5800732986MsoNormal\"><b id=\"yui_3_16_0_ym19_1_1557234078278_3186\"><span id=\"yui_3_16_0_ym19_1_1557234078278_3185\" style=\"text-decoration: underline;\">3. Universitatea Na\u021bional\u0103 de Ap\u0103rare\u00a0<\/span><\/b><b><span style=\"text-decoration: underline;\"><span lang=\"EN-US\">\u201dCarol I\u00a0<\/span>\u201d Bucure\u0219ti (cursuri de zi, durata 3 ani):<\/span><\/b><\/p>\n<p class=\"yiv5800732986MsoNormal\">\u00a0\u00a0Facultatea de Comand\u0103 \u0219i Stat Major domeniul de licen\u021b\u0103 \u0218tiin\u021be Miliare \u0219i Informa\u021bii \u0219i Ordine\u00a0\u00a0\u00a0\u00a0 Public\u0103 &#8211; specializarea: \u201eLogistic\u0103\u201d &#8211; 10 locuri (B+F)<\/p>\n<p class=\"yiv5800732986MsoNormal\">\n<p class=\"yiv5800732986MsoNormal\"><b><span style=\"text-decoration: underline;\">INSTITU\u021aII DE \u00ceNV\u0102\u021a\u0102M\u00c2NT POSTLICEAL<\/span><\/b><\/p>\n<p class=\"yiv5800732986MsoNormal\"><b><span style=\"text-decoration: underline;\">1.\u0218coala Na\u021bional\u0103 de Preg\u0103tire a Agen\u021bilor de Penitenciare T\u00e2rgu Ocna (cursuri de zi, durata studiilor 1 an (210 locuri &#8211; b\u0103rba\u021bi\u00a0 \u0219i\u00a0 30 locuri &#8211;\u00a0 femei);<\/span><\/b><\/p>\n<p class=\"yiv5800732986MsoNormal\"><b><span style=\"text-decoration: underline;\">\u00a0<\/span><\/b><\/p>\n<p class=\"yiv5800732986MsoNormal\"><b><span style=\"text-decoration: underline;\">2. \u0218coala Militar\u0103 de Mai\u0219tri Militari \u0219i Subofi\u021beri a For\u021belor Terestre\u00a0 \u201eBasarab I\u201d Pite\u0219ti (cursuri de zi, durata studiilor 2 ani) cu urm\u0103toarele specializ\u0103ri militare:<\/span><\/b><\/p>\n<p class=\"yiv5800732986MsoNormal\">\u00fc\u00a0\u00a0<b>Auto &#8211; 5\u00a0<\/b>locuri (B+F)<\/p>\n<p class=\"yiv5800732986MsoNormal\">\u00fc\u00a0\u00a0<b>Construc\u021bii &#8211; 3\u00a0<\/b>locuri (B+F)<\/p>\n<p class=\"yiv5800732986MsoNormal\">\u00fc\u00a0\u00a0<b>Intenden\u021b\u0103 (Buc\u0103tar)<\/b>\u00a0<b>&#8211;<\/b>\u00a0<b>10\u00a0<\/b>locuri (B+F)<\/p>\n<p class=\"yiv5800732986MsoNormal\">\u00fc\u00a0\u00a0<b>Comunica\u021bii \u0219i Informatic\u0103: &#8211; 10\u00a0<\/b>locuri (B+F)<\/p>\n<p class=\"yiv5800732986MsoNormal\"><b><span style=\"text-decoration: underline;\">Avantajele oferite de aceste institu\u021bii de \u00eenv\u0103\u021b\u0103m\u00e2nt constau \u00een:<\/span><\/b><\/p>\n<p id=\"yui_3_16_0_ym19_1_1557234078278_2954\" class=\"yiv5800732986MsoNormal\"><span lang=\"EN-US\">\u00a7\u00a0\u00a0<\/span>Asigurarea, \u00een condi\u0163ii de gratuitate, a caz\u0103rii, mesei, echip\u0103rii, cursurilor \u015fi asisten\u0163ei medicale pe timpul \u015fcolariz\u0103rii;<\/p>\n<p class=\"yiv5800732986MsoNormal\"><span lang=\"EN-US\">\u00a7\u00a0\u00a0<\/span>\u00a0Acordarea unei solde lunare pe toat\u0103 durata studiilor;<\/p>\n<p class=\"yiv5800732986MsoNormal\"><span lang=\"EN-US\">\u00a7\u00a0\u00a0<\/span>\u00a0Asigurarea unui loc de munc\u0103 imediat dup\u0103 absolvire, prin repartizarea \u00eentr-o unitate a sistemului penitenciar;<\/p>\n<p class=\"yiv5800732986MsoNormal\"><span lang=\"EN-US\">\u00a7\u00a0\u00a0<\/span>\u00a0Acordarea, dup\u0103 absolvire, a gradului de ofi\u0163er\/agent \u00een sistemul administra\u0163iei penitenciare;<\/p>\n<p class=\"yiv5800732986MsoNormal\"><b><span style=\"text-decoration: underline;\">Beneficiile carierei \u00een sistemul administra\u021biei penitenciare, ulterior absolvirii institu\u021biilor de \u00eenv\u0103\u021b\u0103m\u00e2nt sunt:<\/span><\/b><\/p>\n<p class=\"yiv5800732986MsoNormal\"><span lang=\"EN-US\">\u00a7\u00a0\u00a0<\/span>Respectul din partea cet\u0103\u0163enilor \u015fi statutul oferit de profesia de ofi\u0163er\/agent de penitenciare;<\/p>\n<p class=\"yiv5800732986MsoNormal\"><span lang=\"EN-US\">\u00a7\u00a0\u00a0<\/span>\u00a0Loc de munc\u0103 stabil;<\/p>\n<p class=\"yiv5800732986MsoNormal\"><span lang=\"EN-US\">\u00a7\u00a0\u00a0<\/span>\u00a0Salariu motivant;<\/p>\n<p class=\"yiv5800732986MsoNormal\"><span lang=\"EN-US\">\u00a7\u00a0\u00a0<\/span>\u00a0Posibilitatea de face parte dintr-un segment important al siguran\u0163ei, ap\u0103r\u0103rii \u015fi ordinii publice;<\/p>\n<p class=\"yiv5800732986MsoNormal\"><span lang=\"EN-US\">\u00a7\u00a0\u00a0<\/span><span lang=\"EN-US\">\u00a0<\/span>Activitate variat\u0103, ce presupune curaj, inteligen\u0163\u0103 \u015fi mult\u0103 comunicare;<\/p>\n<p class=\"yiv5800732986MsoNormal\"><span lang=\"EN-US\">\u00a7\u00a0\u00a0<\/span>\u00a0Numeroase oportunit\u0103\u0163i de dezvoltare a carierei;<\/p>\n<p class=\"yiv5800732986MsoNormal\"><span lang=\"EN-US\">\u00a0 \u00a0<\/span><\/p>\n<p class=\"yiv5800732986MsoNormal\"><b><span style=\"text-decoration: underline;\">Informa\u021bii privind condi\u021biile generale \u0219i specifice de participare la concursurile de admitere se pot ob\u021bine:<\/span><\/b><\/p>\n<p id=\"yui_3_16_0_ym19_1_1557234078278_3209\" class=\"yiv5800732986MsoNormal\">La sediul Penitenciarului Giurgiu, \u0219os. B\u0103l\u0103noaiei nr. 12A, Giurgiu, jude\u021bul Giurgiu sau la telefon:\u00a0<b><span style=\"text-decoration: underline;\">0246\/215091 int. 118,<\/span><\/b><\/p>\n<p id=\"yui_3_16_0_ym19_1_1557234078278_3208\" class=\"yiv5800732986MsoNormal\">Pe pagina Administra\u021biei Na\u021bionale a Penitenciarelor:\u00a0<a href=\"http:\/\/anp.gov.ro\/cariera\/admitere-institutii-de-invatamant-2\/admitere-2019\/\" target=\"_blank\" rel=\"nofollow\">http:\/\/anp.gov.ro\/cariera\/admitere-institutii-de-invatamant-2\/admitere-2019\/<\/a><\/p>\n<p id=\"yui_3_16_0_ym19_1_1557234078278_3210\" class=\"yiv5800732986MsoNormal\">Facebook: Resurse Umane Penitenciarul Giurgiu<\/p>\n","protected":false},"excerpt":{"rendered":"<p>Penitenciarul Giurgiu selec\u021bioneaz\u0103 candida\u021bi pentru<\/p>\n","protected":false},"author":1,"featured_media":0,"comment_status":"open","ping_status":"open","sticky":false,"template":"","format":"standard","meta":{"footnotes":""},"categories":[73],"tags":[],"class_list":["post-59851","post","type-post","status-publish","format-standard","hentry","category-anunturi"],"_links":{"self":[{"href":"https:\/\/www.giurgiuveanul.ro\/stiri\/wp-json\/wp\/v2\/posts\/59851","targetHints":{"allow":["GET"]}}],"collection":[{"href":"https:\/\/www.giurgiuveanul.ro\/stiri\/wp-json\/wp\/v2\/posts"}],"about":[{"href":"https:\/\/www.giurgiuveanul.ro\/stiri\/wp-json\/wp\/v2\/types\/post"}],"author":[{"embeddable":true,"href":"https:\/\/www.giurgiuveanul.ro\/stiri\/wp-json\/wp\/v2\/users\/1"}],"replies":[{"embeddable":true,"href":"https:\/\/www.giurgiuveanul.ro\/stiri\/wp-json\/wp\/v2\/comments?post=59851"}],"version-history":[{"count":0,"href":"https:\/\/www.giurgiuveanul.ro\/stiri\/wp-json\/wp\/v2\/posts\/59851\/revisions"}],"wp:attachment":[{"href":"https:\/\/www.giurgiuveanul.ro\/stiri\/wp-json\/wp\/v2\/media?parent=59851"}],"wp:term":[{"taxonomy":"category","embeddable":true,"href":"https:\/\/www.giurgiuveanul.ro\/stiri\/wp-json\/wp\/v2\/categories?post=59851"},{"taxonomy":"post_tag","embeddable":true,"href":"https:\/\/www.giurgiuveanul.ro\/stiri\/wp-json\/wp\/v2\/tags?post=59851"}],"curies":[{"name":"wp","href":"https:\/\/api.w.org\/{rel}","templated":true}]}}