{"id":59989,"date":"2019-05-17T09:35:46","date_gmt":"2019-05-17T06:35:46","guid":{"rendered":"https:\/\/www.giurgiuveanul.ro\/stiri\/?p=59989"},"modified":"2019-05-17T09:35:46","modified_gmt":"2019-05-17T06:35:46","slug":"voteaza-da-la-referendum-voteaza-pentru-europa-coruptia-ne-arde-la-buzunar","status":"publish","type":"post","link":"https:\/\/www.giurgiuveanul.ro\/stiri\/voteaza-da-la-referendum-voteaza-pentru-europa-coruptia-ne-arde-la-buzunar\/","title":{"rendered":"Voteaz\u0103 \u201dDa\u201d la referendum, voteaz\u0103 pentru Europa. Corup\u021bia ne arde la buzunar"},"content":{"rendered":"<p style=\"text-align: justify;\"><a href=\"https:\/\/www.giurgiuveanul.ro\/stiri\/wp-content\/uploads\/2019\/05\/foto-regional-17.05.jpg\"><img loading=\"lazy\" decoding=\"async\" class=\"aligncenter size-large wp-image-59990\" src=\"https:\/\/www.giurgiuveanul.ro\/stiri\/wp-content\/uploads\/2019\/05\/foto-regional-17.05-560x373.jpg\" alt=\"foto regional 17.05\" width=\"560\" height=\"373\" srcset=\"https:\/\/www.giurgiuveanul.ro\/stiri\/wp-content\/uploads\/2019\/05\/foto-regional-17.05-560x373.jpg 560w, https:\/\/www.giurgiuveanul.ro\/stiri\/wp-content\/uploads\/2019\/05\/foto-regional-17.05-250x167.jpg 250w, https:\/\/www.giurgiuveanul.ro\/stiri\/wp-content\/uploads\/2019\/05\/foto-regional-17.05-400x267.jpg 400w, https:\/\/www.giurgiuveanul.ro\/stiri\/wp-content\/uploads\/2019\/05\/foto-regional-17.05.jpg 2048w\" sizes=\"auto, (max-width: 560px) 100vw, 560px\" \/><\/a>Ziua de 26 mai este una crucial\u0103 pentru<!--more--> modul \u00een care va ar\u0103ta Rom\u00e2nia \u00een urm\u0103torii ani. Referendumul pe teme de justi\u021bie \u0219i alegerile europarlamentare le dau posibilitatea rom\u00e2nilor de a da un mesaj clar c\u0103 se opun corup\u021biei politicienilor PSD. La ambele scrutinuri avem puterea s\u0103 re-punem Rom\u00e2nia pe un drum normal \u0219i pe rom\u00e2ni \u00een primul r\u00e2ndul al preocup\u0103rii guvern\u0103rii.<\/p>\n<p style=\"text-align: justify;\">\u201dDe doi ani \u015fi jum\u0103tate, PSD \u00eencearc\u0103 s\u0103 \u00eendoaie legile ca s\u0103-\u015fi fac\u0103 sc\u0103pa\u0163i infractorii coco\u0163a\u0163i \u00een fruntea statului. <strong>Dragi rom\u00e2ni, dac\u0103 pierdem independen\u0163a justi\u0163iei, atunci pierdem \u015fi \u015fansa pentru a avea autostr\u0103zi, spitale, gr\u0103dini\u0163e \u015fi \u015fcoli.<\/strong> Dac\u0103 \u00eei l\u0103s\u0103m pe ei s\u0103 ne strice \u0163ara, atunci rom\u00e2nii sunt cei care vor pl\u0103ti. A\u015fa nu se poate! S\u0103 ar\u0103t\u0103m lumii c\u0103 noi nu suntem un neam de ho\u0163i, ci un neam de oameni cinsti\u0163i. Pentru toate acestea, pentru viitorul nostru, <strong>pe 26 mai mergem s\u0103 vot\u0103m<\/strong>!\u201d, a spus pre\u015fedintele Klaus Iohannis la mitingul PNL de la Ia\u0219i.<\/p>\n<p style=\"text-align: justify;\">Corup\u021bia este un flagel care ne irose\u0219te banii care ar putea fi folosi\u021bi pentru dezvoltarea Rom\u00e2niei. Doar un exemplu: Parlamentul European a publicat \u00een 2016 un studiu al Rand Corporation \u00een care costul direct al corup\u021biei \u00een Rom\u00e2nia este estimat la aproximativ 24 miliarde euro pe an. Cu aceast\u0103 sum\u0103 ar putea fi construite sute de spitale jude\u021bene sau mii de kilometri de autostrad\u0103.<\/p>\n<p style=\"text-align: justify;\">Acest flagel poate fi stopat vot\u00e2nd \u201dDA\u201d la fiecare dintre cele dou\u0103 \u00eentreb\u0103ri de la referendumul pe teme de justi\u021bie, convocat de pre\u0219edintele Klaus Iohannis. Prima \u00eentrebare \u2013 <em>sunte\u021bi de acord s\u0103 se interzic\u0103 amnistia \u0219i gra\u021bierea pentru corup\u021bi?<\/em> A doua \u00eentrebare \u2013 <em>sunte\u021bi de acord s\u0103 se interzic\u0103 ordonan\u021bele de urgen\u021b\u0103 \u00een domeniul justi\u021biei?<\/em> \u00a0Sunt \u00eentreb\u0103ri simple, clare, pe care orice rom\u00e2n le \u00een\u021belege. Sunt despre viitorul fiec\u0103ruia \u0219i despre corectitudine \u00een via\u021ba public\u0103.<\/p>\n<p style=\"text-align: justify;\">PNL \u0219i-a asumat clar o legisla\u021bie corect\u0103, pentru a avea o \u021bar\u0103 \u00een care regulile s\u0103 fie respectate. PNL a purtat zilnic lupta parlamentar\u0103 cu PSD \u0219i a reu\u0219it s\u0103 stopeze o parte din asaltul lui Liviu Dragnea asupra justi\u021biei.<\/p>\n<p style=\"text-align: justify;\">Aplicarea recomand\u0103rilor Comisiei Europene \u0219i ale Comisiei de la Vene\u021bia, sus\u021binute \u0219i asumate de PNL, vor duce la reducerea pierderilor din corup\u021bie. De exemplu, numai \u00eentr-un singur an, prejudiciile provocate de fapte de abuz \u00een serviciu au ajuns la 100 de milioane de euro. Comisia European\u0103 se opune clar \u00een aceste zile reducerii pedepselor pentru abuzul \u00een serviciu, pe baza noului Cod Penal promovat de PSD \u00een Parlament. PNL s-a opus ferm, a votat \u00eempotriv\u0103 \u0219i a contestat la Curtea Constitu\u021bional\u0103 acest nou Cod Penal. Recuperarea banilor \u00een viitor este\u00a0 posibil\u0103 prin revenirea la o legisla\u021bie normal\u0103, asumat\u0103 f\u0103r\u0103 echivoc de PNL.<\/p>\n<p style=\"text-align: justify;\">Corup\u021bia PSD blocheaz\u0103 \u0219i atragerea fondurilor europene \u00een multe p\u0103r\u021bi din \u021bar\u0103. Cu toate acestea, primarii liberali au atras fonduri europene \u00een valoare de sute de milioane de euro. Unii dintre ace\u0219ti primari de succes sunt ast\u0103zi pe lista PNL pentru europarlamentare. \u201e<em>Europa \u00eenseamn\u0103 civiliza\u021bie, Europa \u00eenseamn\u0103 calitatea vie\u021bii. Ne propunem s\u0103 fructific\u0103m toate resursele care ne sunt puse la dispozi\u021bie, nu cum se \u00eent\u00e2mpl\u0103 ast\u0103zi, \u00een care miliarde de euro sunt \u021binu\u021bi la grani\u021ba \u021b\u0103rii, f\u0103r\u0103 nici un fel de \u0219ans\u0103 de a putea s\u0103 \u00eei aducem \u00een \u021bar\u0103, din cauza incompeten\u021bei \u0219i centralismului birocratic al unor guvernan\u021bi<\/em>\u201d, a afirmat pre\u0219edintele PNL Ludovic Orban.<\/p>\n<p style=\"text-align: justify;\">Alegerile europarlamentare \u0219i referendumul pe teme de justi\u021bie din 26 mai fac parte dintr-un proces mai larg de \u00eens\u0103n\u0103to\u0219ire politic\u0103 a Rom\u00e2niei, urm\u00e2nd alegerile preziden\u021biale, locale \u0219i parlamentare. Vot\u00e2nd \u201dDA\u201d la ambele \u00eentreb\u0103ri de la referendum \u0219i vot\u00e2nd pentru PNL putem face primul pas pentru stoparea corup\u021biei \u0219i pentru a avea o Rom\u00e2nie care s\u0103 se apropie de standardele de via\u021b\u0103 ale Uniunii Europene. Vom spune \u201dDA\u201d acestei Rom\u00e2nii Europene \u00een 26 mai.<\/p>\n<p style=\"text-align: justify;\">\n<p style=\"text-align: justify;\"><em><strong>Comandat de Partidul Na\u021bional Liberal, cod unic mandatar 41190007<\/strong><\/em><\/p>\n","protected":false},"excerpt":{"rendered":"<p>Ziua de 26 mai este una crucial\u0103 pentru<\/p>\n","protected":false},"author":1,"featured_media":0,"comment_status":"open","ping_status":"open","sticky":false,"template":"","format":"standard","meta":{"footnotes":""},"categories":[73],"tags":[],"class_list":["post-59989","post","type-post","status-publish","format-standard","hentry","category-anunturi"],"_links":{"self":[{"href":"https:\/\/www.giurgiuveanul.ro\/stiri\/wp-json\/wp\/v2\/posts\/59989","targetHints":{"allow":["GET"]}}],"collection":[{"href":"https:\/\/www.giurgiuveanul.ro\/stiri\/wp-json\/wp\/v2\/posts"}],"about":[{"href":"https:\/\/www.giurgiuveanul.ro\/stiri\/wp-json\/wp\/v2\/types\/post"}],"author":[{"embeddable":true,"href":"https:\/\/www.giurgiuveanul.ro\/stiri\/wp-json\/wp\/v2\/users\/1"}],"replies":[{"embeddable":true,"href":"https:\/\/www.giurgiuveanul.ro\/stiri\/wp-json\/wp\/v2\/comments?post=59989"}],"version-history":[{"count":0,"href":"https:\/\/www.giurgiuveanul.ro\/stiri\/wp-json\/wp\/v2\/posts\/59989\/revisions"}],"wp:attachment":[{"href":"https:\/\/www.giurgiuveanul.ro\/stiri\/wp-json\/wp\/v2\/media?parent=59989"}],"wp:term":[{"taxonomy":"category","embeddable":true,"href":"https:\/\/www.giurgiuveanul.ro\/stiri\/wp-json\/wp\/v2\/categories?post=59989"},{"taxonomy":"post_tag","embeddable":true,"href":"https:\/\/www.giurgiuveanul.ro\/stiri\/wp-json\/wp\/v2\/tags?post=59989"}],"curies":[{"name":"wp","href":"https:\/\/api.w.org\/{rel}","templated":true}]}}