{"id":60387,"date":"2019-06-05T09:08:12","date_gmt":"2019-06-05T06:08:12","guid":{"rendered":"https:\/\/www.giurgiuveanul.ro\/stiri\/?p=60387"},"modified":"2019-06-05T09:08:12","modified_gmt":"2019-06-05T06:08:12","slug":"5-iunie-ziua-invatatorului-elevii-merg-la-scoala-dar-fac-activitati-non-formale","status":"publish","type":"post","link":"https:\/\/www.giurgiuveanul.ro\/stiri\/5-iunie-ziua-invatatorului-elevii-merg-la-scoala-dar-fac-activitati-non-formale\/","title":{"rendered":"5 iunie, Ziua \u00eenv\u0103\u0163\u0103torului. Elevii merg la \u015fcoal\u0103, dar fac activit\u0103\u0163i non-formale"},"content":{"rendered":"<p style=\"text-align: justify;\"><strong><a href=\"https:\/\/www.giurgiuveanul.ro\/stiri\/wp-content\/uploads\/2019\/06\/de-ziua-invatatorului-elevii-nu-fac-cursuri.jpg\"><img loading=\"lazy\" decoding=\"async\" class=\"aligncenter size-large wp-image-60388\" src=\"https:\/\/www.giurgiuveanul.ro\/stiri\/wp-content\/uploads\/2019\/06\/de-ziua-invatatorului-elevii-nu-fac-cursuri-560x315.jpg\" alt=\"de-ziua-invatatorului-elevii-nu-fac-cursuri\" width=\"560\" height=\"315\" srcset=\"https:\/\/www.giurgiuveanul.ro\/stiri\/wp-content\/uploads\/2019\/06\/de-ziua-invatatorului-elevii-nu-fac-cursuri-560x315.jpg 560w, https:\/\/www.giurgiuveanul.ro\/stiri\/wp-content\/uploads\/2019\/06\/de-ziua-invatatorului-elevii-nu-fac-cursuri-250x141.jpg 250w, https:\/\/www.giurgiuveanul.ro\/stiri\/wp-content\/uploads\/2019\/06\/de-ziua-invatatorului-elevii-nu-fac-cursuri-400x225.jpg 400w, https:\/\/www.giurgiuveanul.ro\/stiri\/wp-content\/uploads\/2019\/06\/de-ziua-invatatorului-elevii-nu-fac-cursuri.jpg 664w\" sizes=\"auto, (max-width: 560px) 100vw, 560px\" \/><\/a>Pe 5 iunie se s\u0103rb\u0103tore\u015fte Ziua \u00cenv\u0103\u021b\u0103torului, care<!--more--> coincide cu data de na\u015ftere a dasc\u0103lului Gheorghe Laz\u0103r, \u00eentemeietorul \u00eenv\u0103\u021b\u0103m\u00e2ntului modern rom\u00e2nesc (5 iunie 1779 \u2014 17 septembrie 1823). \u00cen aceast\u0103 zi, elevii vor vor lua parte la activit\u0103\u0163i extracurriculare.<\/strong><\/p>\n<p style=\"text-align: justify;\">Gheorghe Laz\u0103r, n\u0103scut la Avrig, este considerat fondatorul \u00eenv\u0103\u021b\u0103m\u00e2ntului \u00een limba na\u021bional\u0103 din \u021aara Rom\u00e2neasc\u0103. \u00cen 1818, a \u00eenfiin\u021bat \u00een Bucure\u0219ti prima \u0219coal\u0103 cu predare \u00een limba rom\u00e2n\u0103, \u015ecoala de la Sf\u00e2ntul Sava.<\/p>\n<div style=\"text-align: justify;\">Potrivit Ministerului Educa\u0163iei Na\u0163ionale (MEN), Ziua \u00cenv\u0103\u0163\u0103torului va fi s\u0103rb\u0103torit\u0103 prin activit\u0103\u0163i extra\u015fcolare, organizate de fiecare unitate de \u00eenv\u0103\u0163\u0103m\u00e2nt, \u015fi nu vor avea loc cursuri normale.<\/div>\n<p style=\"text-align: justify;\"><em>\u201e\u00cen conformitate cu prevederile contractului colectiv de munc\u0103 unic, \u00eencheiat \u00eentre Ministerul Educa\u0163iei Na\u0163ionale \u015fi federa\u0163iile sindicale reprezentative din \u00eenv\u0103\u0163\u0103m\u00e2nt, p\u0103r\u0163ile semnatare convin s\u0103 s\u0103rb\u0103toreasc\u0103 pe 5 iunie \u2013 Ziua \u00cenv\u0103\u0163\u0103torului \u015fi pe 5 octombrie \u2013 Ziua Interna\u0163ional\u0103 a Educa\u0163iei, organiz\u00e2nd \u00eempreun\u0103, \u00een timpul programului de lucru, manifest\u0103ri specifice dedicate acestor evenimente. (\u2026) De asemenea, se stipuleaz\u0103 c\u0103 \u00een perioada desf\u0103\u015fur\u0103rii acestor activit\u0103\u0163i specifice nu se vor presta activit\u0103\u0163ile prev\u0103zute \u00een fi\u015fa postului a fiec\u0103rui salariat din \u00eenv\u0103\u0163\u0103m\u00e2nt\u201d<\/em>, sus\u0163ine Ministerul Educa\u0163iei.<\/p>\n<p style=\"text-align: justify;\">Instituirea aceste zile a \u00eenv\u0103\u0163\u0103torului a fost aprobat\u0103 \u00een 9 octombrie 2007 de Parlament \u015fi apoi prin Legea nr. 289 din 29 octombrie 2007. Manifestarea are caracter educa\u021bional, na\u021bional, apolitic \u0219i cultural.<\/p>\n<p style=\"text-align: justify;\">Datele de 5 octombrie (Ziua Mondial\u0103 a Educa\u021biei) \u0219i 5 iunie (Ziua \u00cenv\u0103\u021b\u0103torului) au fost introduse \u0219i marcate distinct \u00een structura anului \u0219colar 2013-2014, conform unei decizii luate, la 3 iunie 2013, de ministrul Educa\u021biei Na\u021bionale, Remus Pricopie, \u0219i de cei doi lideri ai sindicatelor din \u00eenv\u0103\u021b\u0103m\u00e2ntul preuniversitar, Simion H\u0103ncescu (Federa\u021bia Sindicatelor Libere din \u00cenv\u0103\u021b\u0103m\u00e2nt) \u0219i Marius Nistor (Federa\u021bia Sindicatelor din Educa\u021bie \u201dSpiru Haret\u201d).<\/p>\n<p style=\"text-align: justify;\">De asemenea, structura anului \u0219colar 2014-2015 prevede ca, pe 5 octombrie (Ziua Mondial\u0103 a Educa\u021biei) \u0219i pe 5 iunie (Ziua \u00cenv\u0103\u021b\u0103torului), unit\u0103\u021bile de \u00eenv\u0103\u021b\u0103m\u00e2nt \u0219i inspectoratele \u0219colare s\u0103 desf\u0103\u0219oare manifest\u0103ri specifice, conform planific\u0103rilor existente la nivelul fiec\u0103rei unit\u0103\u021bi de \u00eenv\u0103\u021b\u0103m\u00e2nt preuniversitar.<\/p>\n","protected":false},"excerpt":{"rendered":"<p>Pe 5 iunie se s\u0103rb\u0103tore\u015fte Ziua \u00cenv\u0103\u021b\u0103torului, care<\/p>\n","protected":false},"author":1,"featured_media":0,"comment_status":"open","ping_status":"open","sticky":false,"template":"","format":"standard","meta":{"footnotes":""},"categories":[6],"tags":[],"class_list":["post-60387","post","type-post","status-publish","format-standard","hentry","category-breaking-news"],"_links":{"self":[{"href":"https:\/\/www.giurgiuveanul.ro\/stiri\/wp-json\/wp\/v2\/posts\/60387","targetHints":{"allow":["GET"]}}],"collection":[{"href":"https:\/\/www.giurgiuveanul.ro\/stiri\/wp-json\/wp\/v2\/posts"}],"about":[{"href":"https:\/\/www.giurgiuveanul.ro\/stiri\/wp-json\/wp\/v2\/types\/post"}],"author":[{"embeddable":true,"href":"https:\/\/www.giurgiuveanul.ro\/stiri\/wp-json\/wp\/v2\/users\/1"}],"replies":[{"embeddable":true,"href":"https:\/\/www.giurgiuveanul.ro\/stiri\/wp-json\/wp\/v2\/comments?post=60387"}],"version-history":[{"count":0,"href":"https:\/\/www.giurgiuveanul.ro\/stiri\/wp-json\/wp\/v2\/posts\/60387\/revisions"}],"wp:attachment":[{"href":"https:\/\/www.giurgiuveanul.ro\/stiri\/wp-json\/wp\/v2\/media?parent=60387"}],"wp:term":[{"taxonomy":"category","embeddable":true,"href":"https:\/\/www.giurgiuveanul.ro\/stiri\/wp-json\/wp\/v2\/categories?post=60387"},{"taxonomy":"post_tag","embeddable":true,"href":"https:\/\/www.giurgiuveanul.ro\/stiri\/wp-json\/wp\/v2\/tags?post=60387"}],"curies":[{"name":"wp","href":"https:\/\/api.w.org\/{rel}","templated":true}]}}