{"id":60505,"date":"2019-06-12T16:11:38","date_gmt":"2019-06-12T13:11:38","guid":{"rendered":"https:\/\/www.giurgiuveanul.ro\/stiri\/?p=60505"},"modified":"2019-06-12T16:11:38","modified_gmt":"2019-06-12T13:11:38","slug":"strandul-faro-din-portul-giurgiu-se-deschide-in-cateva-zile-cand-mai-exact-si-care-sunt-preturile-din-acest-vezi-aici","status":"publish","type":"post","link":"https:\/\/www.giurgiuveanul.ro\/stiri\/strandul-faro-din-portul-giurgiu-se-deschide-in-cateva-zile-cand-mai-exact-si-care-sunt-preturile-din-acest-vezi-aici\/","title":{"rendered":"\u0218trandul \u201eFaro\u201d, din Portul Giurgiu, se deschide \u00een c\u00e2teva zile. C\u00e2nd mai exact \u0219i care sunt pre\u021burile din acest an VEZI AICI"},"content":{"rendered":"<p style=\"text-align: justify;\"><strong><a href=\"https:\/\/www.giurgiuveanul.ro\/stiri\/wp-content\/uploads\/2019\/06\/IMG_1457.jpg\"><img loading=\"lazy\" decoding=\"async\" class=\"aligncenter size-large wp-image-60506\" src=\"https:\/\/www.giurgiuveanul.ro\/stiri\/wp-content\/uploads\/2019\/06\/IMG_1457-560x369.jpg\" alt=\"IMG_1457\" width=\"560\" height=\"369\" srcset=\"https:\/\/www.giurgiuveanul.ro\/stiri\/wp-content\/uploads\/2019\/06\/IMG_1457-560x369.jpg 560w, https:\/\/www.giurgiuveanul.ro\/stiri\/wp-content\/uploads\/2019\/06\/IMG_1457-250x165.jpg 250w, https:\/\/www.giurgiuveanul.ro\/stiri\/wp-content\/uploads\/2019\/06\/IMG_1457-400x264.jpg 400w, https:\/\/www.giurgiuveanul.ro\/stiri\/wp-content\/uploads\/2019\/06\/IMG_1457.jpg 800w\" sizes=\"auto, (max-width: 560px) 100vw, 560px\" \/><\/a>\u015etrandul \u201eFaro\u201d, din<!--more--> cadrul Complexului \u201ePerla\u201d, situat \u00een Portul Giurgiu, \u00ee\u015fi deschide oficial por\u0163ile \u00een acest sezon estival, vineri, 14 iunie 2019.<\/strong><\/p>\n<p style=\"text-align: justify;\">Clien\u0163ii au la dispozi\u0163ie dou\u0103 bazine cu ap\u0103, du\u015furi, cabine de schimb \u015fi bar.<\/p>\n<p style=\"text-align: justify;\">Tarifele de acces \u00een \u0219trandsunt: <strong>20 lei de persoan\u0103<\/strong>, \u00een cursul s\u0103pt\u0103m\u00e2nii, \u015fi <strong>25 de lei persoan\u0103<\/strong> \u00een weekend!<\/p>\n<p style=\"text-align: justify;\"><strong>Copii sub \u015fapte ani nu pl\u0103tesc bilet de intrare.<\/strong><\/p>\n<p style=\"text-align: justify;\">\u0218trandul a fost igienizat, s-a f\u0103cut deratizarea \u0219i s-a tuns iarba din incint\u0103. B\u0103ncile au fost reparate \u0219i vopsite, iar vestiarele \u0219i grupurile sanitare zugr\u0103vite \u0219i modernizate.<\/p>\n<p style=\"text-align: justify;\">Lucr\u0103rile mai mari au constat \u00een reamaneajarea zonelor de acces \u00een \u0219trand, repara\u021bii \u0219i vopsire a bazinului mare \u0219i a celui mic.<\/p>\n<p style=\"text-align: justify;\">\u0218trandul va fi deschis zilnic, p\u00e2n\u0103 la jum\u0103tatea lunii septembrie 2019.<\/p>\n<p style=\"text-align: justify;\"><a href=\"https:\/\/www.giurgiuveanul.ro\/stiri\/wp-content\/uploads\/2019\/06\/IMG_1460.jpg\"><img loading=\"lazy\" decoding=\"async\" class=\"aligncenter size-large wp-image-60507\" src=\"https:\/\/www.giurgiuveanul.ro\/stiri\/wp-content\/uploads\/2019\/06\/IMG_1460-560x365.jpg\" alt=\"IMG_1460\" width=\"560\" height=\"365\" srcset=\"https:\/\/www.giurgiuveanul.ro\/stiri\/wp-content\/uploads\/2019\/06\/IMG_1460-560x365.jpg 560w, https:\/\/www.giurgiuveanul.ro\/stiri\/wp-content\/uploads\/2019\/06\/IMG_1460-250x163.jpg 250w, https:\/\/www.giurgiuveanul.ro\/stiri\/wp-content\/uploads\/2019\/06\/IMG_1460-400x261.jpg 400w, https:\/\/www.giurgiuveanul.ro\/stiri\/wp-content\/uploads\/2019\/06\/IMG_1460.jpg 800w\" sizes=\"auto, (max-width: 560px) 100vw, 560px\" \/><\/a><\/p>\n<p style=\"text-align: justify;\"><a href=\"https:\/\/www.giurgiuveanul.ro\/stiri\/wp-content\/uploads\/2019\/06\/IMG_1469.jpg\"><img loading=\"lazy\" decoding=\"async\" class=\"aligncenter size-large wp-image-60508\" src=\"https:\/\/www.giurgiuveanul.ro\/stiri\/wp-content\/uploads\/2019\/06\/IMG_1469-560x354.jpg\" alt=\"IMG_1469\" width=\"560\" height=\"354\" srcset=\"https:\/\/www.giurgiuveanul.ro\/stiri\/wp-content\/uploads\/2019\/06\/IMG_1469-560x354.jpg 560w, https:\/\/www.giurgiuveanul.ro\/stiri\/wp-content\/uploads\/2019\/06\/IMG_1469-250x158.jpg 250w, https:\/\/www.giurgiuveanul.ro\/stiri\/wp-content\/uploads\/2019\/06\/IMG_1469-400x253.jpg 400w, https:\/\/www.giurgiuveanul.ro\/stiri\/wp-content\/uploads\/2019\/06\/IMG_1469.jpg 800w\" sizes=\"auto, (max-width: 560px) 100vw, 560px\" \/><\/a><\/p>\n<p style=\"text-align: justify;\"><a href=\"https:\/\/www.giurgiuveanul.ro\/stiri\/wp-content\/uploads\/2019\/06\/IMG_1478.jpg\"><img loading=\"lazy\" decoding=\"async\" class=\"aligncenter size-large wp-image-60509\" src=\"https:\/\/www.giurgiuveanul.ro\/stiri\/wp-content\/uploads\/2019\/06\/IMG_1478-560x363.jpg\" alt=\"IMG_1478\" width=\"560\" height=\"363\" srcset=\"https:\/\/www.giurgiuveanul.ro\/stiri\/wp-content\/uploads\/2019\/06\/IMG_1478-560x363.jpg 560w, https:\/\/www.giurgiuveanul.ro\/stiri\/wp-content\/uploads\/2019\/06\/IMG_1478-250x162.jpg 250w, https:\/\/www.giurgiuveanul.ro\/stiri\/wp-content\/uploads\/2019\/06\/IMG_1478-400x260.jpg 400w, https:\/\/www.giurgiuveanul.ro\/stiri\/wp-content\/uploads\/2019\/06\/IMG_1478.jpg 800w\" sizes=\"auto, (max-width: 560px) 100vw, 560px\" \/><\/a><\/p>\n<p style=\"text-align: justify;\"><a href=\"https:\/\/www.giurgiuveanul.ro\/stiri\/wp-content\/uploads\/2019\/06\/IMG_1485.jpg\"><img loading=\"lazy\" decoding=\"async\" class=\"aligncenter size-large wp-image-60510\" src=\"https:\/\/www.giurgiuveanul.ro\/stiri\/wp-content\/uploads\/2019\/06\/IMG_1485-560x373.jpg\" alt=\"IMG_1485\" width=\"560\" height=\"373\" srcset=\"https:\/\/www.giurgiuveanul.ro\/stiri\/wp-content\/uploads\/2019\/06\/IMG_1485-560x373.jpg 560w, https:\/\/www.giurgiuveanul.ro\/stiri\/wp-content\/uploads\/2019\/06\/IMG_1485-250x167.jpg 250w, https:\/\/www.giurgiuveanul.ro\/stiri\/wp-content\/uploads\/2019\/06\/IMG_1485-400x267.jpg 400w, https:\/\/www.giurgiuveanul.ro\/stiri\/wp-content\/uploads\/2019\/06\/IMG_1485.jpg 800w\" sizes=\"auto, (max-width: 560px) 100vw, 560px\" \/><\/a><\/p>\n","protected":false},"excerpt":{"rendered":"<p>\u015etrandul \u201eFaro\u201d, din<\/p>\n","protected":false},"author":1,"featured_media":0,"comment_status":"open","ping_status":"open","sticky":false,"template":"","format":"standard","meta":{"footnotes":""},"categories":[6],"tags":[],"class_list":["post-60505","post","type-post","status-publish","format-standard","hentry","category-breaking-news"],"_links":{"self":[{"href":"https:\/\/www.giurgiuveanul.ro\/stiri\/wp-json\/wp\/v2\/posts\/60505","targetHints":{"allow":["GET"]}}],"collection":[{"href":"https:\/\/www.giurgiuveanul.ro\/stiri\/wp-json\/wp\/v2\/posts"}],"about":[{"href":"https:\/\/www.giurgiuveanul.ro\/stiri\/wp-json\/wp\/v2\/types\/post"}],"author":[{"embeddable":true,"href":"https:\/\/www.giurgiuveanul.ro\/stiri\/wp-json\/wp\/v2\/users\/1"}],"replies":[{"embeddable":true,"href":"https:\/\/www.giurgiuveanul.ro\/stiri\/wp-json\/wp\/v2\/comments?post=60505"}],"version-history":[{"count":0,"href":"https:\/\/www.giurgiuveanul.ro\/stiri\/wp-json\/wp\/v2\/posts\/60505\/revisions"}],"wp:attachment":[{"href":"https:\/\/www.giurgiuveanul.ro\/stiri\/wp-json\/wp\/v2\/media?parent=60505"}],"wp:term":[{"taxonomy":"category","embeddable":true,"href":"https:\/\/www.giurgiuveanul.ro\/stiri\/wp-json\/wp\/v2\/categories?post=60505"},{"taxonomy":"post_tag","embeddable":true,"href":"https:\/\/www.giurgiuveanul.ro\/stiri\/wp-json\/wp\/v2\/tags?post=60505"}],"curies":[{"name":"wp","href":"https:\/\/api.w.org\/{rel}","templated":true}]}}