{"id":60928,"date":"2019-07-02T16:23:02","date_gmt":"2019-07-02T13:23:02","guid":{"rendered":"https:\/\/www.giurgiuveanul.ro\/stiri\/?p=60928"},"modified":"2019-07-02T16:23:02","modified_gmt":"2019-07-02T13:23:02","slug":"la-multi-ani-doamnei-judecator-adriana-pencea-presedintele-tribunalului-giurgiu","status":"publish","type":"post","link":"https:\/\/www.giurgiuveanul.ro\/stiri\/la-multi-ani-doamnei-judecator-adriana-pencea-presedintele-tribunalului-giurgiu\/","title":{"rendered":"La Mul\u021bi Ani, doamnei judec\u0103tor Adriana Pencea, pre\u015fedintele Tribunalului Giurgiu!"},"content":{"rendered":"<p style=\"text-align: justify;\"><a href=\"https:\/\/www.giurgiuveanul.ro\/stiri\/wp-content\/uploads\/2019\/07\/65535275_345541366140663_6741900917190164480_n.jpg\"><img loading=\"lazy\" decoding=\"async\" class=\"aligncenter size-large wp-image-60929\" src=\"https:\/\/www.giurgiuveanul.ro\/stiri\/wp-content\/uploads\/2019\/07\/65535275_345541366140663_6741900917190164480_n-520x450.jpg\" alt=\"65535275_345541366140663_6741900917190164480_n\" width=\"520\" height=\"450\" srcset=\"https:\/\/www.giurgiuveanul.ro\/stiri\/wp-content\/uploads\/2019\/07\/65535275_345541366140663_6741900917190164480_n-520x450.jpg 520w, https:\/\/www.giurgiuveanul.ro\/stiri\/wp-content\/uploads\/2019\/07\/65535275_345541366140663_6741900917190164480_n-250x216.jpg 250w, https:\/\/www.giurgiuveanul.ro\/stiri\/wp-content\/uploads\/2019\/07\/65535275_345541366140663_6741900917190164480_n-400x346.jpg 400w, https:\/\/www.giurgiuveanul.ro\/stiri\/wp-content\/uploads\/2019\/07\/65535275_345541366140663_6741900917190164480_n.jpg 800w\" sizes=\"auto, (max-width: 520px) 100vw, 520px\" \/><\/a>Ast\u0103zi este<!--more--> o zi special\u0103 pentru <strong>doamna judec\u0103tor Adriana Pencea, pre\u015fedintele Tribunalului Giurgiu<\/strong> &#8211; o Femeie Exemplu, care reu\u015fe\u015fte s\u0103 combine armonios activit\u0103\u0163ile profesionale cu via\u0163a de familie, d\u00e2nd dovad\u0103 de perseveren\u0163\u0103, ambi\u0163ie \u015fi verticalitate.<\/p>\n<p style=\"text-align: justify;\">Felicit\u0103ri pentru reu\u015fitele trecute \u015fi mult succes \u00een viitor, s\u0103 ave\u0163i parte de mult\u0103 bucurie, lini\u015fte sufleteasca \u015fi \u00eempliniri, al\u0103turi de cei dragi.<\/p>\n<p style=\"text-align: justify;\">\u201eGiurgiuveanul\u201d se al\u0103tur\u0103 familiei, colegilor \u015fi prietenilor \u015fi v\u0103 ureaz\u0103 mult\u0103 s\u0103n\u0103tate, fericire, noroc \u0219i tradi\u021bionalul \u201eLa Mul\u021bi Ani\u201d!<\/p>\n","protected":false},"excerpt":{"rendered":"<p>Ast\u0103zi este<\/p>\n","protected":false},"author":1,"featured_media":0,"comment_status":"open","ping_status":"open","sticky":false,"template":"","format":"standard","meta":{"footnotes":""},"categories":[16],"tags":[],"class_list":["post-60928","post","type-post","status-publish","format-standard","hentry","category-astazi-e-ziua-ta"],"_links":{"self":[{"href":"https:\/\/www.giurgiuveanul.ro\/stiri\/wp-json\/wp\/v2\/posts\/60928","targetHints":{"allow":["GET"]}}],"collection":[{"href":"https:\/\/www.giurgiuveanul.ro\/stiri\/wp-json\/wp\/v2\/posts"}],"about":[{"href":"https:\/\/www.giurgiuveanul.ro\/stiri\/wp-json\/wp\/v2\/types\/post"}],"author":[{"embeddable":true,"href":"https:\/\/www.giurgiuveanul.ro\/stiri\/wp-json\/wp\/v2\/users\/1"}],"replies":[{"embeddable":true,"href":"https:\/\/www.giurgiuveanul.ro\/stiri\/wp-json\/wp\/v2\/comments?post=60928"}],"version-history":[{"count":0,"href":"https:\/\/www.giurgiuveanul.ro\/stiri\/wp-json\/wp\/v2\/posts\/60928\/revisions"}],"wp:attachment":[{"href":"https:\/\/www.giurgiuveanul.ro\/stiri\/wp-json\/wp\/v2\/media?parent=60928"}],"wp:term":[{"taxonomy":"category","embeddable":true,"href":"https:\/\/www.giurgiuveanul.ro\/stiri\/wp-json\/wp\/v2\/categories?post=60928"},{"taxonomy":"post_tag","embeddable":true,"href":"https:\/\/www.giurgiuveanul.ro\/stiri\/wp-json\/wp\/v2\/tags?post=60928"}],"curies":[{"name":"wp","href":"https:\/\/api.w.org\/{rel}","templated":true}]}}