{"id":61739,"date":"2019-08-04T18:18:27","date_gmt":"2019-08-04T15:18:27","guid":{"rendered":"https:\/\/www.giurgiuveanul.ro\/stiri\/?p=61739"},"modified":"2019-08-04T18:18:27","modified_gmt":"2019-08-04T15:18:27","slug":"minorul-institutionalizat-plecat-voluntar-dintr-un-centru-al-dgaspc-giurgiu-depistat-in-bucuresti","status":"publish","type":"post","link":"https:\/\/www.giurgiuveanul.ro\/stiri\/minorul-institutionalizat-plecat-voluntar-dintr-un-centru-al-dgaspc-giurgiu-depistat-in-bucuresti\/","title":{"rendered":"Minorul institu\u0163ionalizat plecat voluntar dintr-un centru al DGASPC Giurgiu, depistat \u00een Bucure\u0219ti"},"content":{"rendered":"<p style=\"text-align: justify;\"><strong><a href=\"https:\/\/www.giurgiuveanul.ro\/stiri\/wp-content\/uploads\/2019\/08\/politia-romana.jpg\"><img loading=\"lazy\" decoding=\"async\" class=\"aligncenter size-large wp-image-61741\" src=\"https:\/\/www.giurgiuveanul.ro\/stiri\/wp-content\/uploads\/2019\/08\/politia-romana-560x375.jpg\" alt=\"politia-romana\" width=\"560\" height=\"375\" srcset=\"https:\/\/www.giurgiuveanul.ro\/stiri\/wp-content\/uploads\/2019\/08\/politia-romana-560x375.jpg 560w, https:\/\/www.giurgiuveanul.ro\/stiri\/wp-content\/uploads\/2019\/08\/politia-romana-250x167.jpg 250w, https:\/\/www.giurgiuveanul.ro\/stiri\/wp-content\/uploads\/2019\/08\/politia-romana-400x268.jpg 400w, https:\/\/www.giurgiuveanul.ro\/stiri\/wp-content\/uploads\/2019\/08\/politia-romana.jpg 960w\" sizes=\"auto, (max-width: 560px) 100vw, 560px\" \/><\/a>Un minor, de 16<!--more--> ani, institu\u021bionalizat \u00eentr-un centru de plasament de tip familial din municipiul Giurgiu, plecat voluntar la data de 04.07.2019, a fost depistat pe raza municipiului Bucure\u0219ti de poli\u021bi\u0219ti din cadrul Politiei Municipiului Giurgiu \u00een colaborare cu Poli\u021bia Local\u0103 &#8211; sector 6.<\/strong><\/p>\n<p style=\"text-align: justify;\">La data de 04.07.2019, orele 18.00, Poli\u021bia Municipiului Giurgiu a fost sesizat\u0103 telefonic de c\u0103tre reprezentantul unei case de tip familial apar\u021bin\u00e2nd D.G.A.S.P.C. Giurgiu, cu privire la faptul c\u0103 un minor institu\u021bionalizat, \u00een v\u00e2rst\u0103 de 16 ani, a plecat voluntar din centru la data de 04.07.2019, \u00een jurul orei 08.00 \u0219i nu a mai revenit.<\/p>\n<p style=\"text-align: justify;\">Minorul, care a p\u0103r\u0103sit centrul de mai multe ori f\u0103r\u0103 a comunica personalului destina\u021bia, a fost depistat anterior de poli\u021bi\u0219ti at\u00e2t pe raza municipiului Giurgiu c\u00e2t \u0219i pe raza municipiului Bucure\u0219ti, \u00een timp ce apela la mila publicului.<\/p>\n<p style=\"text-align: justify;\">S\u00e2mb\u0103t\u0103, 3 august a.c., \u00een jurul orei 08.00, poli\u021bi\u0219ti din cadrul Politiei Municipiului Giurgiu, \u00een colaborare cu poli\u021bi\u0219ti din cadrul Direc\u021biei Generale de Poli\u021bie Local\u0103 Sector 6, au identificat minorul \u00een zona unui complex comercial din municipiul Bucure\u0219ti \u2013 sector 6, acesta fiind \u00eencredin\u021bat reprezentan\u021bilor casei de tip familial\u00a0 din cadrul D.G.A.S.P.C. Giurgiu.<\/p>\n<p style=\"text-align: justify;\">Pe timpul plec\u0103rii minorul nu a fost victima vreunei infrac\u021biuni.<\/p>\n","protected":false},"excerpt":{"rendered":"<p>Un minor, de 16<\/p>\n","protected":false},"author":1,"featured_media":0,"comment_status":"open","ping_status":"open","sticky":false,"template":"","format":"standard","meta":{"footnotes":""},"categories":[6],"tags":[],"class_list":["post-61739","post","type-post","status-publish","format-standard","hentry","category-breaking-news"],"_links":{"self":[{"href":"https:\/\/www.giurgiuveanul.ro\/stiri\/wp-json\/wp\/v2\/posts\/61739","targetHints":{"allow":["GET"]}}],"collection":[{"href":"https:\/\/www.giurgiuveanul.ro\/stiri\/wp-json\/wp\/v2\/posts"}],"about":[{"href":"https:\/\/www.giurgiuveanul.ro\/stiri\/wp-json\/wp\/v2\/types\/post"}],"author":[{"embeddable":true,"href":"https:\/\/www.giurgiuveanul.ro\/stiri\/wp-json\/wp\/v2\/users\/1"}],"replies":[{"embeddable":true,"href":"https:\/\/www.giurgiuveanul.ro\/stiri\/wp-json\/wp\/v2\/comments?post=61739"}],"version-history":[{"count":0,"href":"https:\/\/www.giurgiuveanul.ro\/stiri\/wp-json\/wp\/v2\/posts\/61739\/revisions"}],"wp:attachment":[{"href":"https:\/\/www.giurgiuveanul.ro\/stiri\/wp-json\/wp\/v2\/media?parent=61739"}],"wp:term":[{"taxonomy":"category","embeddable":true,"href":"https:\/\/www.giurgiuveanul.ro\/stiri\/wp-json\/wp\/v2\/categories?post=61739"},{"taxonomy":"post_tag","embeddable":true,"href":"https:\/\/www.giurgiuveanul.ro\/stiri\/wp-json\/wp\/v2\/tags?post=61739"}],"curies":[{"name":"wp","href":"https:\/\/api.w.org\/{rel}","templated":true}]}}