{"id":61743,"date":"2019-08-04T18:46:27","date_gmt":"2019-08-04T15:46:27","guid":{"rendered":"https:\/\/www.giurgiuveanul.ro\/stiri\/?p=61743"},"modified":"2019-08-05T10:51:20","modified_gmt":"2019-08-05T07:51:20","slug":"pompierii-giurgiuveni-interventie-la-accident-rutier-soldat-cu-sase-victime-una-fiind-decedata-foto","status":"publish","type":"post","link":"https:\/\/www.giurgiuveanul.ro\/stiri\/pompierii-giurgiuveni-interventie-la-accident-rutier-soldat-cu-sase-victime-una-fiind-decedata-foto\/","title":{"rendered":"Pompierii giurgiuveni, interven\u0163ie la un ACCIDENT RUTIER soldat cu \u015fase victime, una fiind decedat\u0103! (FOTO)"},"content":{"rendered":"<p style=\"text-align: justify;\"><a href=\"https:\/\/www.giurgiuveanul.ro\/stiri\/wp-content\/uploads\/2019\/08\/67951737_405653460080079_7853188928679968768_n.jpg\"><img loading=\"lazy\" decoding=\"async\" class=\"aligncenter size-large wp-image-61744\" src=\"https:\/\/www.giurgiuveanul.ro\/stiri\/wp-content\/uploads\/2019\/08\/67951737_405653460080079_7853188928679968768_n-560x356.jpg\" alt=\"67951737_405653460080079_7853188928679968768_n\" width=\"560\" height=\"356\" srcset=\"https:\/\/www.giurgiuveanul.ro\/stiri\/wp-content\/uploads\/2019\/08\/67951737_405653460080079_7853188928679968768_n-560x356.jpg 560w, https:\/\/www.giurgiuveanul.ro\/stiri\/wp-content\/uploads\/2019\/08\/67951737_405653460080079_7853188928679968768_n-250x159.jpg 250w, https:\/\/www.giurgiuveanul.ro\/stiri\/wp-content\/uploads\/2019\/08\/67951737_405653460080079_7853188928679968768_n-400x255.jpg 400w, https:\/\/www.giurgiuveanul.ro\/stiri\/wp-content\/uploads\/2019\/08\/67951737_405653460080079_7853188928679968768_n.jpg 800w\" sizes=\"auto, (max-width: 560px) 100vw, 560px\" \/><\/a>Ast\u0103zi, 4 august 2019, la ora 17:20, s-a produs un grav accident rutier<!--more--> \u00een localitatea Gratia, jude\u021bul Teleorman, pe DJ 701 Gratia- Corbi, soldat cu \u015fase victime, una fiind decedat\u0103.<\/p>\n<p style=\"text-align: justify;\"><a href=\"https:\/\/www.giurgiuveanul.ro\/stiri\/wp-content\/uploads\/2019\/08\/67502082_438865150037700_1811216940270616576_n.jpg\"><img loading=\"lazy\" decoding=\"async\" class=\"aligncenter size-large wp-image-61745\" src=\"https:\/\/www.giurgiuveanul.ro\/stiri\/wp-content\/uploads\/2019\/08\/67502082_438865150037700_1811216940270616576_n-560x368.jpg\" alt=\"67502082_438865150037700_1811216940270616576_n\" width=\"560\" height=\"368\" srcset=\"https:\/\/www.giurgiuveanul.ro\/stiri\/wp-content\/uploads\/2019\/08\/67502082_438865150037700_1811216940270616576_n-560x368.jpg 560w, https:\/\/www.giurgiuveanul.ro\/stiri\/wp-content\/uploads\/2019\/08\/67502082_438865150037700_1811216940270616576_n-250x164.jpg 250w, https:\/\/www.giurgiuveanul.ro\/stiri\/wp-content\/uploads\/2019\/08\/67502082_438865150037700_1811216940270616576_n-400x263.jpg 400w, https:\/\/www.giurgiuveanul.ro\/stiri\/wp-content\/uploads\/2019\/08\/67502082_438865150037700_1811216940270616576_n.jpg 800w\" sizes=\"auto, (max-width: 560px) 100vw, 560px\" \/><\/a><\/p>\n<p style=\"text-align: justify;\">\u00een accident au fost implicate \u015fase victime, cinci adul\u0163i \u015fi un copil. Toate cele \u015fase victime se aflau \u00een aceea\u015fi ma\u015fin\u0103.<\/p>\n<p style=\"text-align: justify;\">La locul accidentului au intervenit \u015fi pompierii giurgiuveni din cadrul Grupului de lucru Roata de Jos cu autospeciala de Descarcerare, al\u0103turi de colegii din Teleorman \u015fi D\u00e2mbovi\u0163a.<\/p>\n<p style=\"text-align: justify;\">De asemenea, a fost solicitat \u015fi elicopterul SMURD.<\/p>\n<p style=\"text-align: justify;\"><strong><em>FOTO: ISU Giurgiu<\/em><\/strong><\/p>\n<p style=\"text-align: justify;\"><strong>UPDATE.\u00a0<\/strong><\/p>\n<p style=\"text-align: justify;\">La fa\u021ba locului a fost solicitat\u0103 interven\u021bia unui elicopter SMURD, care l-a preluat\u00a0un copil aflat \u00een stre grav\u0103. Acesta era incon\u0219tient \u0219i a fost transportat la un spital din Bucure\u0219ti. De asemenea, dou\u0103 victime au fost trimise la spitale din Capital\u0103, iar alte dou\u0103 au fost internate \u00een unit\u0103\u021bi medicale din jude\u021bul\u00a0Teleorman.<\/p>\n<p style=\"text-align: justify;\">Potrivit poli\u021bi\u0219tilor, totul s-ar fi \u00eent\u00e2mplat \u00een condi\u021biile \u00een care, o \u0219oferi\u021b\u0103, de 39 de ani, care mergea din direc\u021bia Gratia c\u0103tre grani\u021ba cu jude\u021bul D\u00e2mbovi\u021ba, a ie\u0219it cu ma\u0219ina de pe \u0219osea. Femeia ar fi avut \u0219i alte preocup\u0103ri \u00een timp ce se afla la volan, iar odat\u0103 ie\u0219it\u0103 de pe carosabil, ma\u0219ina s-a r\u0103sturnat.<\/p>\n<p style=\"text-align: justify;\">\u00cen acest caz a fost deschis un dosar penal pentru ucidere din culp\u0103 \u0219i v\u0103t\u0103mare corporal\u0103.<\/p>\n","protected":false},"excerpt":{"rendered":"<p>Ast\u0103zi, 4 august 2019, la ora 17:20, s-a produs un grav accident rutier<\/p>\n","protected":false},"author":1,"featured_media":0,"comment_status":"open","ping_status":"open","sticky":false,"template":"","format":"standard","meta":{"footnotes":""},"categories":[6],"tags":[],"class_list":["post-61743","post","type-post","status-publish","format-standard","hentry","category-breaking-news"],"_links":{"self":[{"href":"https:\/\/www.giurgiuveanul.ro\/stiri\/wp-json\/wp\/v2\/posts\/61743","targetHints":{"allow":["GET"]}}],"collection":[{"href":"https:\/\/www.giurgiuveanul.ro\/stiri\/wp-json\/wp\/v2\/posts"}],"about":[{"href":"https:\/\/www.giurgiuveanul.ro\/stiri\/wp-json\/wp\/v2\/types\/post"}],"author":[{"embeddable":true,"href":"https:\/\/www.giurgiuveanul.ro\/stiri\/wp-json\/wp\/v2\/users\/1"}],"replies":[{"embeddable":true,"href":"https:\/\/www.giurgiuveanul.ro\/stiri\/wp-json\/wp\/v2\/comments?post=61743"}],"version-history":[{"count":0,"href":"https:\/\/www.giurgiuveanul.ro\/stiri\/wp-json\/wp\/v2\/posts\/61743\/revisions"}],"wp:attachment":[{"href":"https:\/\/www.giurgiuveanul.ro\/stiri\/wp-json\/wp\/v2\/media?parent=61743"}],"wp:term":[{"taxonomy":"category","embeddable":true,"href":"https:\/\/www.giurgiuveanul.ro\/stiri\/wp-json\/wp\/v2\/categories?post=61743"},{"taxonomy":"post_tag","embeddable":true,"href":"https:\/\/www.giurgiuveanul.ro\/stiri\/wp-json\/wp\/v2\/tags?post=61743"}],"curies":[{"name":"wp","href":"https:\/\/api.w.org\/{rel}","templated":true}]}}