{"id":61781,"date":"2019-08-06T08:24:31","date_gmt":"2019-08-06T05:24:31","guid":{"rendered":"https:\/\/www.giurgiuveanul.ro\/stiri\/?p=61781"},"modified":"2019-08-05T17:28:19","modified_gmt":"2019-08-05T14:28:19","slug":"unde-se-intrerupe-astazi-6-august-curentul-electric-in-judetul-giurgiu","status":"publish","type":"post","link":"https:\/\/www.giurgiuveanul.ro\/stiri\/unde-se-intrerupe-astazi-6-august-curentul-electric-in-judetul-giurgiu\/","title":{"rendered":"Unde se \u00eentrerupe ast\u0103zi, 6 august, curentul electric \u00een jude\u0163ul Giurgiu"},"content":{"rendered":"<p style=\"text-align: justify;\"><a href=\"https:\/\/www.giurgiuveanul.ro\/stiri\/wp-content\/uploads\/2019\/08\/revizie-curent-electric-620x330.jpg\"><img loading=\"lazy\" decoding=\"async\" class=\"aligncenter size-large wp-image-61782\" src=\"https:\/\/www.giurgiuveanul.ro\/stiri\/wp-content\/uploads\/2019\/08\/revizie-curent-electric-620x330-560x298.jpg\" alt=\"revizie-curent-electric-620x330\" width=\"560\" height=\"298\" srcset=\"https:\/\/www.giurgiuveanul.ro\/stiri\/wp-content\/uploads\/2019\/08\/revizie-curent-electric-620x330-560x298.jpg 560w, https:\/\/www.giurgiuveanul.ro\/stiri\/wp-content\/uploads\/2019\/08\/revizie-curent-electric-620x330-250x133.jpg 250w, https:\/\/www.giurgiuveanul.ro\/stiri\/wp-content\/uploads\/2019\/08\/revizie-curent-electric-620x330-400x213.jpg 400w, https:\/\/www.giurgiuveanul.ro\/stiri\/wp-content\/uploads\/2019\/08\/revizie-curent-electric-620x330.jpg 620w\" sizes=\"auto, (max-width: 560px) 100vw, 560px\" \/><\/a>Pentru<!--more--> lucr\u0103rile anuale de repara\u0163ii \u015fi \u00eentre\u0163inere instala\u0163ii \u015fi re\u0163ele electrice, precum \u015fi posturi de transformare, E-Distribu\u0163ie Muntenia anun\u0163\u0103 \u00eentreruperea furniz\u0103rii energiei electrice pentru ast\u0103zi, 6 august 2019, \u00een timpul lucr\u0103rilor dup\u0103 programul indicat mai jos.<\/p>\n<p style=\"text-align: justify;\"><strong>\u00centre orele 09:00 \u2013 17:00 \u00een urm\u0103toarele zone:\u00a0\u00a0\u00a0\u00a0\u00a0\u00a0\u00a0\u00a0\u00a0\u00a0\u00a0 <\/strong><\/p>\n<ul style=\"text-align: justify;\">\n<li>Roata de Jos, str. Republicii de la parc pana la intersectia cu str. Mosteni<\/li>\n<\/ul>\n<p style=\"text-align: justify;\"><strong>\u00centre orele 08:00 \u2013 16:30 \u00een urm\u0103toarele zone:<\/strong><\/p>\n<ul style=\"text-align: justify;\">\n<li>G\u0103ujani<\/li>\n<\/ul>\n<p style=\"text-align: justify;\"><strong>\u00centre orele 08:00 \u2013 16:00 \u00een urm\u0103toarele zone:<\/strong><\/p>\n<ul style=\"text-align: justify;\">\n<li>Fr\u0103te\u015fti<\/li>\n<\/ul>\n<p style=\"text-align: justify;\"><strong>\u00centre orele 09:00 \u2013 15:00 \u00een urm\u0103toarele zone:<\/strong><\/p>\n<ul>\n<li style=\"text-align: justify;\">Palanca, str Domneasca, Ion Ionescu Braila, Icoanei, Bascareti, Eliza Vasilescu, Inv. Ulmeanu, Eftimiu, Mavrache, Luncii,Zorilor, Morarilor, Sabarului, Biserica Veche<\/li>\n<\/ul>\n","protected":false},"excerpt":{"rendered":"<p>Pentru<\/p>\n","protected":false},"author":1,"featured_media":0,"comment_status":"open","ping_status":"open","sticky":false,"template":"","format":"standard","meta":{"footnotes":""},"categories":[6],"tags":[],"class_list":["post-61781","post","type-post","status-publish","format-standard","hentry","category-breaking-news"],"_links":{"self":[{"href":"https:\/\/www.giurgiuveanul.ro\/stiri\/wp-json\/wp\/v2\/posts\/61781","targetHints":{"allow":["GET"]}}],"collection":[{"href":"https:\/\/www.giurgiuveanul.ro\/stiri\/wp-json\/wp\/v2\/posts"}],"about":[{"href":"https:\/\/www.giurgiuveanul.ro\/stiri\/wp-json\/wp\/v2\/types\/post"}],"author":[{"embeddable":true,"href":"https:\/\/www.giurgiuveanul.ro\/stiri\/wp-json\/wp\/v2\/users\/1"}],"replies":[{"embeddable":true,"href":"https:\/\/www.giurgiuveanul.ro\/stiri\/wp-json\/wp\/v2\/comments?post=61781"}],"version-history":[{"count":0,"href":"https:\/\/www.giurgiuveanul.ro\/stiri\/wp-json\/wp\/v2\/posts\/61781\/revisions"}],"wp:attachment":[{"href":"https:\/\/www.giurgiuveanul.ro\/stiri\/wp-json\/wp\/v2\/media?parent=61781"}],"wp:term":[{"taxonomy":"category","embeddable":true,"href":"https:\/\/www.giurgiuveanul.ro\/stiri\/wp-json\/wp\/v2\/categories?post=61781"},{"taxonomy":"post_tag","embeddable":true,"href":"https:\/\/www.giurgiuveanul.ro\/stiri\/wp-json\/wp\/v2\/tags?post=61781"}],"curies":[{"name":"wp","href":"https:\/\/api.w.org\/{rel}","templated":true}]}}