{"id":61792,"date":"2019-08-06T19:38:09","date_gmt":"2019-08-06T16:38:09","guid":{"rendered":"https:\/\/www.giurgiuveanul.ro\/stiri\/?p=61792"},"modified":"2019-08-06T19:39:01","modified_gmt":"2019-08-06T16:39:01","slug":"atentie-soferi-conducatorii-auto-care-iau-la-ocazie-in-vizorul-oamenilor-legii-controalele-au-inceput-deja-foto","status":"publish","type":"post","link":"https:\/\/www.giurgiuveanul.ro\/stiri\/atentie-soferi-conducatorii-auto-care-iau-la-ocazie-in-vizorul-oamenilor-legii-controalele-au-inceput-deja-foto\/","title":{"rendered":"Aten\u021bie, \u0219oferi! Conduc\u0103torii auto care iau la ocazie, \u00een vizorul oamenilor legii! Controalele au \u00eenceput deja (FOTO)"},"content":{"rendered":"<p style=\"text-align: justify;\"><strong><a href=\"https:\/\/www.giurgiuveanul.ro\/stiri\/wp-content\/uploads\/2019\/08\/IMG_2033.jpg\"><img loading=\"lazy\" decoding=\"async\" class=\"aligncenter size-large wp-image-61793\" src=\"https:\/\/www.giurgiuveanul.ro\/stiri\/wp-content\/uploads\/2019\/08\/IMG_2033-560x284.jpg\" alt=\"IMG_2033\" width=\"560\" height=\"284\" srcset=\"https:\/\/www.giurgiuveanul.ro\/stiri\/wp-content\/uploads\/2019\/08\/IMG_2033-560x284.jpg 560w, https:\/\/www.giurgiuveanul.ro\/stiri\/wp-content\/uploads\/2019\/08\/IMG_2033-250x127.jpg 250w, https:\/\/www.giurgiuveanul.ro\/stiri\/wp-content\/uploads\/2019\/08\/IMG_2033-400x203.jpg 400w, https:\/\/www.giurgiuveanul.ro\/stiri\/wp-content\/uploads\/2019\/08\/IMG_2033.jpg 800w\" sizes=\"auto, (max-width: 560px) 100vw, 560px\" \/><\/a>Dup\u0103 descoperirea revolt\u0103toarelor crime din Caracal, autorit\u0103\u021bile din<!--more--> Giurgiu acord\u0103 o aten\u021bie deosebit\u0103 ma\u0219inilor de ocazie. \u00cen felul acesta erau r\u0103pite victimele, nevoite s\u0103 fac\u0103 autostopul din cauza lipsei unui sistem de transport \u00een comun pe traseul lor.<\/strong><\/p>\n<p style=\"text-align: justify;\">Poli\u021bia Rutier\u0103 Giurgiu a \u00eenceput acum s\u0103-i sanc\u021bioneze drastic pe \u0219oferii care iau pasageri la ocazie, fapt\u0103 interzis\u0103 prin lege.<\/p>\n<p style=\"text-align: justify;\">Peste 400 de autovehicule au fost verificate de Poli\u0163ia Rutier\u0103, \u00eempreun\u0103 cu inspectorii Registrului Auto Rom\u00e2n Giurgiu, ace\u015ftia din punct de vedere tehnic, la un control \u00een trafic efectuat pe principalele artere din jude\u0163ul Giurgiu.<\/p>\n<p style=\"text-align: justify;\">Poli\u0163i\u015ftii giurgiuveni au aplicat peste 71 de amenzi \u015fi au retras certificatele de \u00eenmatriculare, re\u0163in\u00e2nd, totodat\u0103 \u015fi pl\u0103cu\u0163ele de \u00eenmatriculare la 12 autovehicule folosite la transport neautorizat de persoane.<\/p>\n<p style=\"text-align: justify;\"><strong>Controalele \u00een trafic abia au \u00eenceput!<\/strong><\/p>\n","protected":false},"excerpt":{"rendered":"<p>Dup\u0103 descoperirea revolt\u0103toarelor crime din Caracal, autorit\u0103\u021bile din<\/p>\n","protected":false},"author":1,"featured_media":0,"comment_status":"open","ping_status":"open","sticky":false,"template":"","format":"standard","meta":{"footnotes":""},"categories":[6],"tags":[],"class_list":["post-61792","post","type-post","status-publish","format-standard","hentry","category-breaking-news"],"_links":{"self":[{"href":"https:\/\/www.giurgiuveanul.ro\/stiri\/wp-json\/wp\/v2\/posts\/61792","targetHints":{"allow":["GET"]}}],"collection":[{"href":"https:\/\/www.giurgiuveanul.ro\/stiri\/wp-json\/wp\/v2\/posts"}],"about":[{"href":"https:\/\/www.giurgiuveanul.ro\/stiri\/wp-json\/wp\/v2\/types\/post"}],"author":[{"embeddable":true,"href":"https:\/\/www.giurgiuveanul.ro\/stiri\/wp-json\/wp\/v2\/users\/1"}],"replies":[{"embeddable":true,"href":"https:\/\/www.giurgiuveanul.ro\/stiri\/wp-json\/wp\/v2\/comments?post=61792"}],"version-history":[{"count":0,"href":"https:\/\/www.giurgiuveanul.ro\/stiri\/wp-json\/wp\/v2\/posts\/61792\/revisions"}],"wp:attachment":[{"href":"https:\/\/www.giurgiuveanul.ro\/stiri\/wp-json\/wp\/v2\/media?parent=61792"}],"wp:term":[{"taxonomy":"category","embeddable":true,"href":"https:\/\/www.giurgiuveanul.ro\/stiri\/wp-json\/wp\/v2\/categories?post=61792"},{"taxonomy":"post_tag","embeddable":true,"href":"https:\/\/www.giurgiuveanul.ro\/stiri\/wp-json\/wp\/v2\/tags?post=61792"}],"curies":[{"name":"wp","href":"https:\/\/api.w.org\/{rel}","templated":true}]}}