{"id":61796,"date":"2019-08-06T19:57:26","date_gmt":"2019-08-06T16:57:26","guid":{"rendered":"https:\/\/www.giurgiuveanul.ro\/stiri\/?p=61796"},"modified":"2019-08-06T20:07:57","modified_gmt":"2019-08-06T17:07:57","slug":"medalie-de-argint-pentru-bogdan-creata-sportiv-giurgiuvean-care-participat-la-mondialele-de-mma-pentru-tineret","status":"publish","type":"post","link":"https:\/\/www.giurgiuveanul.ro\/stiri\/medalie-de-argint-pentru-bogdan-creata-sportiv-giurgiuvean-care-participat-la-mondialele-de-mma-pentru-tineret\/","title":{"rendered":"Medalie de argint pentru giurgiuveanul Bogdan Crea\u0163\u0103, la Mondialele de MMA pentru tineret!"},"content":{"rendered":"<p><strong><a href=\"https:\/\/www.giurgiuveanul.ro\/stiri\/wp-content\/uploads\/2019\/08\/67638851_2353257278094470_4113713182118248448_n.jpg\"><img loading=\"lazy\" decoding=\"async\" class=\"aligncenter size-large wp-image-61797\" src=\"https:\/\/www.giurgiuveanul.ro\/stiri\/wp-content\/uploads\/2019\/08\/67638851_2353257278094470_4113713182118248448_n-560x420.jpg\" alt=\"67638851_2353257278094470_4113713182118248448_n\" width=\"560\" height=\"420\" srcset=\"https:\/\/www.giurgiuveanul.ro\/stiri\/wp-content\/uploads\/2019\/08\/67638851_2353257278094470_4113713182118248448_n-560x420.jpg 560w, https:\/\/www.giurgiuveanul.ro\/stiri\/wp-content\/uploads\/2019\/08\/67638851_2353257278094470_4113713182118248448_n-250x188.jpg 250w, https:\/\/www.giurgiuveanul.ro\/stiri\/wp-content\/uploads\/2019\/08\/67638851_2353257278094470_4113713182118248448_n-400x300.jpg 400w, https:\/\/www.giurgiuveanul.ro\/stiri\/wp-content\/uploads\/2019\/08\/67638851_2353257278094470_4113713182118248448_n.jpg 640w\" sizes=\"auto, (max-width: 560px) 100vw, 560px\" \/><\/a>Campionatul Mondial de MMA pentru<!--more--> sportivii sub 18 ani, s-a desf\u0103\u015furat weekend-ul trecut. Judetul Giurgiu a fost reprezentat la aceasta competitie de c\u0103tre sportivii Vasilescu Florentin si Crea\u021b\u0103 Bogdan legitimati la C.S. Ionut Mitrea.<\/strong><\/p>\n<p>Este primul Campionat Mondial de MMA destinat cade\u0163ilor \u015fi juniorilor mici, \u00eemp\u0103r\u0163it \u00een: U18 (16-17 ani), U16 (14-15 ani) \u015fi U12 (11-12 ani), pe un regulament de competi\u0163ie adaptat acestor categorii de v\u00e2rst\u0103, unde restric\u0163iile sunt mai mari iar timpul alocat reprizelor \u015fi num\u0103rul acestora mai mici.<\/p>\n<p style=\"text-align: justify;\">Pentru aceast\u0103 edi\u0163ie, bilan\u0163ul sportivilor rom\u00e2ni este unul pozitiv, ace\u015ftia reu\u015find s\u0103-\u015fi adjudece cinci medalii, dintre care dou\u0103 de aur, prin Dragne Mihai \u015fi Popescu Miruna, ambii legitima\u0163i la CSA Steaua Bucure\u015fti, o medalie de argint prin <strong>Bogdan\u00a0Crea\u0163\u0103<\/strong>, <em>legitimat la C.S. &#8222;Ionu\u0163 Mitrea&#8221;<\/em>, \u015fi dou\u0103 medalii de bronz c\u00e2\u015ftigate de Yani Zaharia, legitimat la CSU \u015etiin\u0163a Bucure\u015fti \u015fi Valentin Milea, legitimat la CSU Unirea Slobozia.<\/p>\n<p style=\"text-align: justify;\">Organizarea acestui eveniment a fost realizat\u0103 de c\u0103tre IMMAF-WMMAA, Intermational Mixed Martial Arts Federation \u015fi World Mixed Martial Arts Association &#8211; cele dou\u0103 foruri interna\u0163ionale care guverneaz\u0103 MMA-ul \u00eencep\u00e2nd cu anul 2012. \u00cen 2017, IMMAF \u015fi WMMAA au decis s\u0103 se uneasc\u0103 pentru a dezvolta acest sport \u015fi \u00eempreun\u0103 a oferi un suport competi\u0163ional mai puternic av\u00e2nd ca scop \u00een viitorul apropiat recunoa\u015fterea celui mai mare for sportiv din lume, Comitetul Olimpic Interna\u0163ional.<\/p>\n<p style=\"text-align: justify;\">Felicit\u0103ri sportivilor, antrenorilor \u015fi Federa\u0163iei Rom\u00e2ne de Kempo pentru rezultatele ob\u0163inute, rezultate care ne dau speran\u0163e pentru viitorul MMA-ului \u00een Rom\u00e2nia.<\/p>\n","protected":false},"excerpt":{"rendered":"<p>Campionatul Mondial de MMA pentru<\/p>\n","protected":false},"author":1,"featured_media":0,"comment_status":"open","ping_status":"open","sticky":false,"template":"","format":"standard","meta":{"footnotes":""},"categories":[6],"tags":[],"class_list":["post-61796","post","type-post","status-publish","format-standard","hentry","category-breaking-news"],"_links":{"self":[{"href":"https:\/\/www.giurgiuveanul.ro\/stiri\/wp-json\/wp\/v2\/posts\/61796","targetHints":{"allow":["GET"]}}],"collection":[{"href":"https:\/\/www.giurgiuveanul.ro\/stiri\/wp-json\/wp\/v2\/posts"}],"about":[{"href":"https:\/\/www.giurgiuveanul.ro\/stiri\/wp-json\/wp\/v2\/types\/post"}],"author":[{"embeddable":true,"href":"https:\/\/www.giurgiuveanul.ro\/stiri\/wp-json\/wp\/v2\/users\/1"}],"replies":[{"embeddable":true,"href":"https:\/\/www.giurgiuveanul.ro\/stiri\/wp-json\/wp\/v2\/comments?post=61796"}],"version-history":[{"count":0,"href":"https:\/\/www.giurgiuveanul.ro\/stiri\/wp-json\/wp\/v2\/posts\/61796\/revisions"}],"wp:attachment":[{"href":"https:\/\/www.giurgiuveanul.ro\/stiri\/wp-json\/wp\/v2\/media?parent=61796"}],"wp:term":[{"taxonomy":"category","embeddable":true,"href":"https:\/\/www.giurgiuveanul.ro\/stiri\/wp-json\/wp\/v2\/categories?post=61796"},{"taxonomy":"post_tag","embeddable":true,"href":"https:\/\/www.giurgiuveanul.ro\/stiri\/wp-json\/wp\/v2\/tags?post=61796"}],"curies":[{"name":"wp","href":"https:\/\/api.w.org\/{rel}","templated":true}]}}