{"id":61804,"date":"2019-08-07T09:21:32","date_gmt":"2019-08-07T06:21:32","guid":{"rendered":"https:\/\/www.giurgiuveanul.ro\/stiri\/?p=61804"},"modified":"2019-08-07T09:21:32","modified_gmt":"2019-08-07T06:21:32","slug":"concedieri-la-stat-ce-bugetari-sunt-vizati","status":"publish","type":"post","link":"https:\/\/www.giurgiuveanul.ro\/stiri\/concedieri-la-stat-ce-bugetari-sunt-vizati\/","title":{"rendered":"Concedieri la stat. Ce bugetari sunt viza\u021bi"},"content":{"rendered":"<p style=\"text-align: justify;\"><strong><a href=\"https:\/\/www.giurgiuveanul.ro\/stiri\/wp-content\/uploads\/2019\/08\/birou-gol-zile-libere-e1519215884228.jpg\"><img loading=\"lazy\" decoding=\"async\" class=\"aligncenter size-large wp-image-61805\" src=\"https:\/\/www.giurgiuveanul.ro\/stiri\/wp-content\/uploads\/2019\/08\/birou-gol-zile-libere-e1519215884228-560x316.jpg\" alt=\"birou-gol-zile-libere-e1519215884228\" width=\"560\" height=\"316\" srcset=\"https:\/\/www.giurgiuveanul.ro\/stiri\/wp-content\/uploads\/2019\/08\/birou-gol-zile-libere-e1519215884228-560x316.jpg 560w, https:\/\/www.giurgiuveanul.ro\/stiri\/wp-content\/uploads\/2019\/08\/birou-gol-zile-libere-e1519215884228-250x141.jpg 250w, https:\/\/www.giurgiuveanul.ro\/stiri\/wp-content\/uploads\/2019\/08\/birou-gol-zile-libere-e1519215884228-400x226.jpg 400w, https:\/\/www.giurgiuveanul.ro\/stiri\/wp-content\/uploads\/2019\/08\/birou-gol-zile-libere-e1519215884228.jpg 800w\" sizes=\"auto, (max-width: 560px) 100vw, 560px\" \/><\/a>Se preg\u0103tesc concedieri la<!--more--> stat. Ministerul Finan\u021belor Publice a pus \u00een dezbatere un proiect prin care se propune reducerea unor posturi din administra\u021bia public\u0103.<\/strong><\/p>\n<p style=\"text-align: justify;\">Sunt vizate posturi aferente cabinetului secretarului de stat, subsecretarilor de stat \u0219i asimila\u021bilor acestora din cadrul ministerelor \u0219i aparatului de lucru al Guvernului, precum \u0219i cele aferente cabinetului conduc\u0103torului de organ de specialitate al administra\u0163iei publice centrale cu rang de secretar de stat.<\/p>\n<p style=\"text-align: justify;\">Se propune ca ministerele \u0219i Secretariatul General al Guvernului s\u0103 supun\u0103 Guvernului spre adoptare proiectele de acte normative prin care num\u0103rul total de posturi de secretar de stat, subsecretar de stat \u0219i de func\u021bii asimilate func\u021biilor de secretar de stat \u0219i subsecretar de stat la nivelul tuturor ministerelor, precum \u015fi a celorlalte institu\u0163ii \u015fi autorit\u0103\u0163i publice din subordinea\/coordonarea Guvernului sau a ministerelor se va reduce cu 50%.<\/p>\n<p style=\"text-align: justify;\">Ocuparea prin concurs sau examen a posturilor vacante sau temporar vacante din institu\u0163iile \u015fi autorit\u0103\u0163ile publice va fi suspendat\u0103.<\/p>\n<p style=\"text-align: justify;\">Ordonatorii de credite vor putea ocupa prin concurs sau examen posturi conform principiului: \u201eunu la trei\u201d din totalul posturilor ce se vor vacanta, respectiv la trei posturi ocupate devenite vacante, un post ocupat.<\/p>\n<p style=\"text-align: justify;\">Prin excep\u0163ie, se pot organiza concursuri sau examene pentru: ocuparea posturilor vacante sau temporar vacante de personal didactic de predare; ocuparea posturilor vacante sau temporar vacante de personal medico-sanitar; posturile vacante necesare \u00eencadr\u0103rii, \u00een condi\u0163iile legii, a promo\u0163iei de ofi\u0163eri, subofi\u0163eri, agen\u0163i de poli\u0163ie, mai\u015ftri militari, func\u0163ionari publici cu statut special din anul 2019; posturile vacante necesare \u00eencadr\u0103rii promo\u0163iei 2019 a Institutului Na\u021bional al Magistraturii.<\/p>\n<p style=\"text-align: justify;\">\u00cen proiect se prevede \u0219i c\u0103 autorit\u0103\u0163ile \u015fi institu\u0163iile publice, inclusiv activit\u0103\u0163ile finan\u0163ate integral din venituri proprii, \u00eenfiin\u0163ate pe l\u00e2ng\u0103 institu\u0163iile publice, s\u0103 nu poat\u0103 achizi\u0163iona din fonduri publice servicii de telefonie mobil\u0103 pentru personalul angajat, cu excep\u021bia demnitarilor.<\/p>\n<p>sursa: digi24.ro<\/p>\n","protected":false},"excerpt":{"rendered":"<p>Se preg\u0103tesc concedieri la<\/p>\n","protected":false},"author":1,"featured_media":0,"comment_status":"open","ping_status":"open","sticky":false,"template":"","format":"standard","meta":{"footnotes":""},"categories":[6],"tags":[],"class_list":["post-61804","post","type-post","status-publish","format-standard","hentry","category-breaking-news"],"_links":{"self":[{"href":"https:\/\/www.giurgiuveanul.ro\/stiri\/wp-json\/wp\/v2\/posts\/61804","targetHints":{"allow":["GET"]}}],"collection":[{"href":"https:\/\/www.giurgiuveanul.ro\/stiri\/wp-json\/wp\/v2\/posts"}],"about":[{"href":"https:\/\/www.giurgiuveanul.ro\/stiri\/wp-json\/wp\/v2\/types\/post"}],"author":[{"embeddable":true,"href":"https:\/\/www.giurgiuveanul.ro\/stiri\/wp-json\/wp\/v2\/users\/1"}],"replies":[{"embeddable":true,"href":"https:\/\/www.giurgiuveanul.ro\/stiri\/wp-json\/wp\/v2\/comments?post=61804"}],"version-history":[{"count":0,"href":"https:\/\/www.giurgiuveanul.ro\/stiri\/wp-json\/wp\/v2\/posts\/61804\/revisions"}],"wp:attachment":[{"href":"https:\/\/www.giurgiuveanul.ro\/stiri\/wp-json\/wp\/v2\/media?parent=61804"}],"wp:term":[{"taxonomy":"category","embeddable":true,"href":"https:\/\/www.giurgiuveanul.ro\/stiri\/wp-json\/wp\/v2\/categories?post=61804"},{"taxonomy":"post_tag","embeddable":true,"href":"https:\/\/www.giurgiuveanul.ro\/stiri\/wp-json\/wp\/v2\/tags?post=61804"}],"curies":[{"name":"wp","href":"https:\/\/api.w.org\/{rel}","templated":true}]}}