{"id":61812,"date":"2019-08-07T16:45:15","date_gmt":"2019-08-07T13:45:15","guid":{"rendered":"https:\/\/www.giurgiuveanul.ro\/stiri\/?p=61812"},"modified":"2019-08-07T16:45:15","modified_gmt":"2019-08-07T13:45:15","slug":"accident-rutier-la-mihailesti-foto-2","status":"publish","type":"post","link":"https:\/\/www.giurgiuveanul.ro\/stiri\/accident-rutier-la-mihailesti-foto-2\/","title":{"rendered":"ACCIDENT RUTIER la Mih\u0103ile\u015fti! (FOTO)"},"content":{"rendered":"<p style=\"text-align: justify;\"><strong><a href=\"https:\/\/www.giurgiuveanul.ro\/stiri\/wp-content\/uploads\/2019\/08\/67907609_890798997921830_1703758739720372224_n.jpg\"><img loading=\"lazy\" decoding=\"async\" class=\"aligncenter size-large wp-image-61813\" src=\"https:\/\/www.giurgiuveanul.ro\/stiri\/wp-content\/uploads\/2019\/08\/67907609_890798997921830_1703758739720372224_n-560x421.jpg\" alt=\"67907609_890798997921830_1703758739720372224_n\" width=\"560\" height=\"421\" srcset=\"https:\/\/www.giurgiuveanul.ro\/stiri\/wp-content\/uploads\/2019\/08\/67907609_890798997921830_1703758739720372224_n-560x421.jpg 560w, https:\/\/www.giurgiuveanul.ro\/stiri\/wp-content\/uploads\/2019\/08\/67907609_890798997921830_1703758739720372224_n-250x188.jpg 250w, https:\/\/www.giurgiuveanul.ro\/stiri\/wp-content\/uploads\/2019\/08\/67907609_890798997921830_1703758739720372224_n-400x300.jpg 400w, https:\/\/www.giurgiuveanul.ro\/stiri\/wp-content\/uploads\/2019\/08\/67907609_890798997921830_1703758739720372224_n.jpg 1598w\" sizes=\"auto, (max-width: 560px) 100vw, 560px\" \/><\/a>Ast\u0103zi, 7 august, la ora<!--more--> 16.15, s-a produs un accident rutier \u00een ora\u015ful Mih\u0103ile\u015fti.<\/strong><\/p>\n<p style=\"text-align: justify;\">Pompierii din cadrul Grupului de interven\u0163ie Mih\u0103ile\u015fti au fost solicita\u0163i s\u0103 intervin\u0103 la sablarea carosabilului.<\/p>\n<p style=\"text-align: justify;\"><a href=\"https:\/\/www.giurgiuveanul.ro\/stiri\/wp-content\/uploads\/2019\/08\/67949959_848228482225068_4585733919059476480_n.jpg\"><img loading=\"lazy\" decoding=\"async\" class=\"aligncenter size-large wp-image-61814\" src=\"https:\/\/www.giurgiuveanul.ro\/stiri\/wp-content\/uploads\/2019\/08\/67949959_848228482225068_4585733919059476480_n-560x421.jpg\" alt=\"67949959_848228482225068_4585733919059476480_n\" width=\"560\" height=\"421\" srcset=\"https:\/\/www.giurgiuveanul.ro\/stiri\/wp-content\/uploads\/2019\/08\/67949959_848228482225068_4585733919059476480_n-560x421.jpg 560w, https:\/\/www.giurgiuveanul.ro\/stiri\/wp-content\/uploads\/2019\/08\/67949959_848228482225068_4585733919059476480_n-250x188.jpg 250w, https:\/\/www.giurgiuveanul.ro\/stiri\/wp-content\/uploads\/2019\/08\/67949959_848228482225068_4585733919059476480_n-400x300.jpg 400w, https:\/\/www.giurgiuveanul.ro\/stiri\/wp-content\/uploads\/2019\/08\/67949959_848228482225068_4585733919059476480_n.jpg 1598w\" sizes=\"auto, (max-width: 560px) 100vw, 560px\" \/><\/a><\/p>\n<p style=\"text-align: justify;\">Potrivit ISU Giurgiu, o autoutilitar\u0103 a acro\u015fat la partea din spate un camion. Nu s-au \u00eenregistrat victime. Se circula pe un singur sens de mers. Sensul de mers c\u0103tre Bucure\u0219ti este blocat.<\/p>\n<p style=\"text-align: justify;\"><em><strong>FOTO: ISU Giurgiu<\/strong><\/em><\/p>\n","protected":false},"excerpt":{"rendered":"<p>Ast\u0103zi, 7 august, la ora<\/p>\n","protected":false},"author":1,"featured_media":0,"comment_status":"open","ping_status":"open","sticky":false,"template":"","format":"standard","meta":{"footnotes":""},"categories":[6],"tags":[],"class_list":["post-61812","post","type-post","status-publish","format-standard","hentry","category-breaking-news"],"_links":{"self":[{"href":"https:\/\/www.giurgiuveanul.ro\/stiri\/wp-json\/wp\/v2\/posts\/61812","targetHints":{"allow":["GET"]}}],"collection":[{"href":"https:\/\/www.giurgiuveanul.ro\/stiri\/wp-json\/wp\/v2\/posts"}],"about":[{"href":"https:\/\/www.giurgiuveanul.ro\/stiri\/wp-json\/wp\/v2\/types\/post"}],"author":[{"embeddable":true,"href":"https:\/\/www.giurgiuveanul.ro\/stiri\/wp-json\/wp\/v2\/users\/1"}],"replies":[{"embeddable":true,"href":"https:\/\/www.giurgiuveanul.ro\/stiri\/wp-json\/wp\/v2\/comments?post=61812"}],"version-history":[{"count":0,"href":"https:\/\/www.giurgiuveanul.ro\/stiri\/wp-json\/wp\/v2\/posts\/61812\/revisions"}],"wp:attachment":[{"href":"https:\/\/www.giurgiuveanul.ro\/stiri\/wp-json\/wp\/v2\/media?parent=61812"}],"wp:term":[{"taxonomy":"category","embeddable":true,"href":"https:\/\/www.giurgiuveanul.ro\/stiri\/wp-json\/wp\/v2\/categories?post=61812"},{"taxonomy":"post_tag","embeddable":true,"href":"https:\/\/www.giurgiuveanul.ro\/stiri\/wp-json\/wp\/v2\/tags?post=61812"}],"curies":[{"name":"wp","href":"https:\/\/api.w.org\/{rel}","templated":true}]}}