{"id":61823,"date":"2019-08-08T09:06:13","date_gmt":"2019-08-08T06:06:13","guid":{"rendered":"https:\/\/www.giurgiuveanul.ro\/stiri\/?p=61823"},"modified":"2019-08-08T09:06:13","modified_gmt":"2019-08-08T06:06:13","slug":"sofer-prins-de-politistii-giurgiuveni-cu-alcoolemie-record-pe-soseaua-bucuresti-din-oras","status":"publish","type":"post","link":"https:\/\/www.giurgiuveanul.ro\/stiri\/sofer-prins-de-politistii-giurgiuveni-cu-alcoolemie-record-pe-soseaua-bucuresti-din-oras\/","title":{"rendered":"\u0218ofer prins de poli\u021bi\u0219tii giurgiuveni cu alcoolemie-record, pe \u015foseaua Bucure\u0219ti din ora\u0219!"},"content":{"rendered":"<p style=\"text-align: justify;\"><strong><a href=\"https:\/\/www.giurgiuveanul.ro\/stiri\/wp-content\/uploads\/2019\/08\/etilotest1.jpg\"><img loading=\"lazy\" decoding=\"async\" class=\"aligncenter size-large wp-image-61824\" src=\"https:\/\/www.giurgiuveanul.ro\/stiri\/wp-content\/uploads\/2019\/08\/etilotest1-560x336.jpg\" alt=\"etilotest1\" width=\"560\" height=\"336\" srcset=\"https:\/\/www.giurgiuveanul.ro\/stiri\/wp-content\/uploads\/2019\/08\/etilotest1-560x336.jpg 560w, https:\/\/www.giurgiuveanul.ro\/stiri\/wp-content\/uploads\/2019\/08\/etilotest1-250x150.jpg 250w, https:\/\/www.giurgiuveanul.ro\/stiri\/wp-content\/uploads\/2019\/08\/etilotest1-400x240.jpg 400w, https:\/\/www.giurgiuveanul.ro\/stiri\/wp-content\/uploads\/2019\/08\/etilotest1.jpg 700w\" sizes=\"auto, (max-width: 560px) 100vw, 560px\" \/><\/a>Un b\u0103rbat, de<!--more--> 37 de ani, este cercetat de poli\u021bi\u0219tii giurgiuveni dup\u0103 ce a fost depistat conduc\u00e2nd un autoturism pe drumurile publice, afl\u00e2ndu-se sub influen\u021ba b\u0103uturilor alcoolice.<\/strong><\/p>\n<p style=\"text-align: justify;\">Mar\u021bi, 6 august a.c., ora 19.15, poli\u021bi\u0219tii au depistat \u00een trafic, pe \u0218oseaua Bucure\u0219ti din municipiul Giurgiu, un b\u0103rbat, de 37 de ani, din municipiul Giurgiu, \u00een timp ce conducea un autoturism, sub influen\u021ba b\u0103uturilor alcoolice.<\/p>\n<p style=\"text-align: justify;\">Conduc\u0103torul auto a fost testat cu aparatul etiltest Drager, care a indicat valoarea de <strong>1,32 mg\/l alcool pur \u00een aerul expirat<\/strong>, fiind condus la Spitalul Jude\u021bean Giurgiu, unde i-au fost recoltate probe biologice de s\u00e2nge \u00een vederea stabilirii alcoolemiei.<\/p>\n<p style=\"text-align: justify;\">\u00cen cauza s-a \u00eentocmit dosar penal, pentru s\u0103v\u00e2r\u0219irea infrac\u021biunii de <em>conducere a unui autoturism sub influen\u021ba b\u0103uturilor alcoolice.<\/em><\/p>\n<p><em>\u00a0<\/em><\/p>\n<p>&nbsp;<\/p>\n","protected":false},"excerpt":{"rendered":"<p>Un b\u0103rbat, de<\/p>\n","protected":false},"author":1,"featured_media":0,"comment_status":"open","ping_status":"open","sticky":false,"template":"","format":"standard","meta":{"footnotes":""},"categories":[6],"tags":[],"class_list":["post-61823","post","type-post","status-publish","format-standard","hentry","category-breaking-news"],"_links":{"self":[{"href":"https:\/\/www.giurgiuveanul.ro\/stiri\/wp-json\/wp\/v2\/posts\/61823","targetHints":{"allow":["GET"]}}],"collection":[{"href":"https:\/\/www.giurgiuveanul.ro\/stiri\/wp-json\/wp\/v2\/posts"}],"about":[{"href":"https:\/\/www.giurgiuveanul.ro\/stiri\/wp-json\/wp\/v2\/types\/post"}],"author":[{"embeddable":true,"href":"https:\/\/www.giurgiuveanul.ro\/stiri\/wp-json\/wp\/v2\/users\/1"}],"replies":[{"embeddable":true,"href":"https:\/\/www.giurgiuveanul.ro\/stiri\/wp-json\/wp\/v2\/comments?post=61823"}],"version-history":[{"count":0,"href":"https:\/\/www.giurgiuveanul.ro\/stiri\/wp-json\/wp\/v2\/posts\/61823\/revisions"}],"wp:attachment":[{"href":"https:\/\/www.giurgiuveanul.ro\/stiri\/wp-json\/wp\/v2\/media?parent=61823"}],"wp:term":[{"taxonomy":"category","embeddable":true,"href":"https:\/\/www.giurgiuveanul.ro\/stiri\/wp-json\/wp\/v2\/categories?post=61823"},{"taxonomy":"post_tag","embeddable":true,"href":"https:\/\/www.giurgiuveanul.ro\/stiri\/wp-json\/wp\/v2\/tags?post=61823"}],"curies":[{"name":"wp","href":"https:\/\/api.w.org\/{rel}","templated":true}]}}