{"id":61833,"date":"2019-08-08T15:52:18","date_gmt":"2019-08-08T12:52:18","guid":{"rendered":"https:\/\/www.giurgiuveanul.ro\/stiri\/?p=61833"},"modified":"2019-08-08T15:52:18","modified_gmt":"2019-08-08T12:52:18","slug":"doi-giurgiuveni-sunt-cercetati-pentru-proxenetism-si-act-sexual-cu-minor","status":"publish","type":"post","link":"https:\/\/www.giurgiuveanul.ro\/stiri\/doi-giurgiuveni-sunt-cercetati-pentru-proxenetism-si-act-sexual-cu-minor\/","title":{"rendered":"Doi giurgiuveni sunt cerceta\u021bi pentru proxenetism \u0219i act sexual cu un minor"},"content":{"rendered":"<p style=\"text-align: justify;\"><strong><a href=\"https:\/\/www.giurgiuveanul.ro\/stiri\/wp-content\/uploads\/2019\/08\/catuse_46274400.jpg\"><img loading=\"lazy\" decoding=\"async\" class=\"aligncenter size-large wp-image-61834\" src=\"https:\/\/www.giurgiuveanul.ro\/stiri\/wp-content\/uploads\/2019\/08\/catuse_46274400-560x315.jpg\" alt=\"catuse_46274400\" width=\"560\" height=\"315\" srcset=\"https:\/\/www.giurgiuveanul.ro\/stiri\/wp-content\/uploads\/2019\/08\/catuse_46274400-560x315.jpg 560w, https:\/\/www.giurgiuveanul.ro\/stiri\/wp-content\/uploads\/2019\/08\/catuse_46274400-250x141.jpg 250w, https:\/\/www.giurgiuveanul.ro\/stiri\/wp-content\/uploads\/2019\/08\/catuse_46274400-400x225.jpg 400w, https:\/\/www.giurgiuveanul.ro\/stiri\/wp-content\/uploads\/2019\/08\/catuse_46274400.jpg 720w\" sizes=\"auto, (max-width: 560px) 100vw, 560px\" \/><\/a>Doi b\u0103rba\u021bi, ambii de<!--more--> 35 de ani sunt cerceta\u021bi de poli\u021bi\u0219ti pentru s\u0103v\u00e2r\u0219irea infrac\u021biunilor de proxenetism \u0219i act sexual cu un minor fapt pentru care, cei doi au fost re\u021binu\u021bi pentru 24 de ore, iar ulterior, unul dintre ei a fost arestat preventiv pentru 30 de zile.<\/strong><\/p>\n<p style=\"text-align: justify;\">Miercuri, 7 august a.c., poli\u021bi\u0219tii Serviciului Investiga\u021bii Criminale, cu sprijinul poli\u021bi\u0219tilor din cadrul Serviciului Opera\u021biuni Speciale Giurgiu, au probat \u0219i documentat activitatea infrac\u021bional\u0103 a doi b\u0103rba\u021bi, ambii de 35 de ani, din municipiul Giurgiu, respectiv comuna B\u0103neasa care, \u00een perioada 26.06\u2013 03.07.2019, au \u00eentre\u021binut rela\u021bii sexuale cu o t\u00e2n\u0103r\u0103, de 14 ani, minor\u0103 institu\u021bionalizat\u0103 \u00een cadrul DGASPC Giurgiu, \u00eenlesnind practicarea prostitu\u021biei de c\u0103tre aceasta \u0219i ob\u021bin\u00e2nd foloase patrimoniale de pe urma practic\u0103rii prostitu\u021biei.<\/p>\n<p style=\"text-align: justify;\">Astfel, la data de 7 august a.c., cu sprijinul lupt\u0103torilor din cadrul S.A.S. Giurgiu, au fost puse \u00een aplicare 2 mandate de perchezi\u021bie domiciliar\u0103 pe raza municipiilor Bucure\u0219ti \u0219i Giurgiu, unde au fost identificate \u0219i ridicate mai multe mijloace materiale de prob\u0103.<\/p>\n<p style=\"text-align: justify;\">De asemenea, pe numele celor doi b\u0103rba\u021bi, au fost puse \u00een aplicare 2 mandate de aducere, ocazie cu care au fost condu\u0219i la sediul poli\u021biei pentru audieri, iar ulterior cei doi au fost re\u021binu\u021bi pentru 24 de ore, pentru s\u0103v\u00e2r\u0219irea infrac\u021biunilor de proxenetism \u0219i act sexual cu un minor de c\u0103tre b\u0103rbatul din municipiul Giurgiu \u0219i s\u0103v\u00e2r\u0219irea infrac\u021biunii de act sexual cu un minor de c\u0103tre b\u0103rbatul din comuna B\u0103neasa.<\/p>\n<p style=\"text-align: justify;\">Totodat\u0103, cei doi b\u0103rba\u021bi au fost prezenta\u021bi Parchetului de pe l\u00e2ng\u0103 Judec\u0103toria Giurgiu, iar pe numele b\u0103rbatului din municipiul Giurgiu, a fost emis mandat de arestare preventiv\u0103 pentru o perioada de 30 zile, cercetat pentru s\u0103v\u00e2r\u0219irea infrac\u021biunilor de proxenetism \u0219i act sexual cu un minor.<\/p>\n","protected":false},"excerpt":{"rendered":"<p>Doi b\u0103rba\u021bi, ambii de<\/p>\n","protected":false},"author":1,"featured_media":0,"comment_status":"open","ping_status":"open","sticky":false,"template":"","format":"standard","meta":{"footnotes":""},"categories":[6],"tags":[],"class_list":["post-61833","post","type-post","status-publish","format-standard","hentry","category-breaking-news"],"_links":{"self":[{"href":"https:\/\/www.giurgiuveanul.ro\/stiri\/wp-json\/wp\/v2\/posts\/61833","targetHints":{"allow":["GET"]}}],"collection":[{"href":"https:\/\/www.giurgiuveanul.ro\/stiri\/wp-json\/wp\/v2\/posts"}],"about":[{"href":"https:\/\/www.giurgiuveanul.ro\/stiri\/wp-json\/wp\/v2\/types\/post"}],"author":[{"embeddable":true,"href":"https:\/\/www.giurgiuveanul.ro\/stiri\/wp-json\/wp\/v2\/users\/1"}],"replies":[{"embeddable":true,"href":"https:\/\/www.giurgiuveanul.ro\/stiri\/wp-json\/wp\/v2\/comments?post=61833"}],"version-history":[{"count":0,"href":"https:\/\/www.giurgiuveanul.ro\/stiri\/wp-json\/wp\/v2\/posts\/61833\/revisions"}],"wp:attachment":[{"href":"https:\/\/www.giurgiuveanul.ro\/stiri\/wp-json\/wp\/v2\/media?parent=61833"}],"wp:term":[{"taxonomy":"category","embeddable":true,"href":"https:\/\/www.giurgiuveanul.ro\/stiri\/wp-json\/wp\/v2\/categories?post=61833"},{"taxonomy":"post_tag","embeddable":true,"href":"https:\/\/www.giurgiuveanul.ro\/stiri\/wp-json\/wp\/v2\/tags?post=61833"}],"curies":[{"name":"wp","href":"https:\/\/api.w.org\/{rel}","templated":true}]}}