{"id":61836,"date":"2019-08-08T16:05:54","date_gmt":"2019-08-08T13:05:54","guid":{"rendered":"https:\/\/www.giurgiuveanul.ro\/stiri\/?p=61836"},"modified":"2019-08-08T16:05:54","modified_gmt":"2019-08-08T13:05:54","slug":"sase-tinere-disparute-depistate-de-politistii-giurgiuveni","status":"publish","type":"post","link":"https:\/\/www.giurgiuveanul.ro\/stiri\/sase-tinere-disparute-depistate-de-politistii-giurgiuveni\/","title":{"rendered":"\u015ease tinere disp\u0103rute, depistate de poli\u021bi\u0219tii giurgiuveni!"},"content":{"rendered":"<p style=\"text-align: justify;\"><strong><a href=\"https:\/\/www.giurgiuveanul.ro\/stiri\/wp-content\/uploads\/2019\/08\/politia-romana1.jpg\"><img loading=\"lazy\" decoding=\"async\" class=\"aligncenter size-large wp-image-61837\" src=\"https:\/\/www.giurgiuveanul.ro\/stiri\/wp-content\/uploads\/2019\/08\/politia-romana1-560x362.jpg\" alt=\"politia-romana\" width=\"560\" height=\"362\" srcset=\"https:\/\/www.giurgiuveanul.ro\/stiri\/wp-content\/uploads\/2019\/08\/politia-romana1-560x362.jpg 560w, https:\/\/www.giurgiuveanul.ro\/stiri\/wp-content\/uploads\/2019\/08\/politia-romana1-250x161.jpg 250w, https:\/\/www.giurgiuveanul.ro\/stiri\/wp-content\/uploads\/2019\/08\/politia-romana1-400x258.jpg 400w, https:\/\/www.giurgiuveanul.ro\/stiri\/wp-content\/uploads\/2019\/08\/politia-romana1.jpg 728w\" sizes=\"auto, (max-width: 560px) 100vw, 560px\" \/><\/a>\u015ease tinere din jude\u021bul Giurgiu,<!--more--> dintre care cinci minore \u0219i o persoan\u0103 adult\u0103, plecate voluntar de la domiciliu, au fost depistate de poli\u021bi\u0219tii giurgiuveni, \u00een ultima s\u0103pt\u0103m\u00e2n\u0103.<\/strong><\/p>\n<p style=\"text-align: justify;\">Astfel, \u00eencep\u00e2nd cu data de 1 august 2019, poli\u021bi\u0219tii giurgiuveni au primit mai multe sesiz\u0103ri din partea reprezentan\u021bilor mai multor familii, cu privire la dispari\u021bia a 6 tinere cu v\u00e2rste cuprinse \u00eentre 13 \u0219i 18 ani, care au plecat f\u0103r\u0103 acordul p\u0103rin\u021bilor de la domiciliu \u0219i nu au mai revenit.<\/p>\n<p style=\"text-align: justify;\">\u00cen urma activit\u0103\u021bilor desf\u0103\u0219urate de poli\u021bi\u0219tii din structurile de investiga\u021bii criminale, ordine public\u0103 \u0219i poli\u021bie rutier\u0103 au fost verificate mai multe zone, anturaje \u0219i persoane cunoscute acestora, iar \u00een baza datelor ob\u021binute, s-a reu\u0219it localizarea \u0219i depistarea acestora.<\/p>\n<p style=\"text-align: justify;\"><strong><em>Exemple:<\/em><\/strong><\/p>\n<p style=\"text-align: justify;\">La data de <strong>2 august a.c.<\/strong>, Poli\u021bia Municipiului Giurgiu a fost sesizat\u0103 prin S.N.U.A.U. 112 de c\u0103tre o femeie de 62 de ani, din comuna Putineiu, jude\u021bul Giurgiu, cu privire la faptul c\u0103 nepoata sa, o t\u00e2n\u0103r\u0103 de 18 ani, a plecat voluntar de la domiciliu \u0219i nu a mai revenit. \u00cen urma investiga\u021biilor, poli\u021bi\u0219tii din cadrul Serviciului Investiga\u021bii Criminale \u0219i Sec\u021biei Nr. 5 Poli\u021bie Rural\u0103 Giurgiu, t\u00e2n\u0103r\u0103 \u00een cauz\u0103 a fost identificat\u0103 pe raza municipiului Giurgiu.<\/p>\n<p style=\"text-align: justify;\">La data de <strong>4 august a.c.<\/strong>, poli\u021bi\u0219tii Sec\u021biei 8 Politie Roata de Jos au fost sesiza\u021bi prin S.N.U.A.U. 112 de c\u0103tre un b\u0103rbat de 47 de ani, din comuna Buc\u0219ani, jude\u021bul Giurgiu, cu privire la faptul c\u0103 nepoata sa de 13 ani, a plecat de la domiciliu cu mai mul\u021bi tineri din localitatea Clejani si nu s-a mai \u00eentors. Astfel, a fost constituit\u0103 echipa de c\u0103utare \u0219i identificarea a tinerei, format\u0103 din poli\u021bi\u0219ti din cadrul Poli\u021biei ora\u0219ului Bolintin Vale, Sec\u021biei Nr. 8 Poli\u021bie Rural\u0103 Roata de Jos \u0219i Sec\u021biei nr. 6 Poli\u021bie Rural\u0103 Mih\u0103ile\u0219ti, iar \u00een urma activit\u0103\u021bilor specifice, t\u00e2n\u0103ra a fost identificat\u0103 pe raza comunei Clejani.<\/p>\n<p style=\"text-align: justify;\">La data de <strong>5 august a.c<\/strong>., Poli\u021bia Municipiului Giurgiu a fost sesizat\u0103 de c\u0103tre un b\u0103rbat de 44 de ani, din municipiul Giurgiu, cu privire la faptul c\u0103 fiica sa de 16 ani a plecat de la domiciliu \u0219i nu a mai revenit. Astfel, \u00een urma cercet\u0103rilor efectuate, poli\u021bi\u0219tii din cadrul Serviciului Investiga\u021bii Criminale au identificat t\u00e2n\u0103ra \u00een cauz\u0103, pe raza municipiului Giurgiu.<\/p>\n<p style=\"text-align: justify;\">La data de <strong>5 august a.c.<\/strong>, la Postul de Poli\u021bie Clejani s-a prezentat o t\u00e2n\u0103r\u0103 de 30 de ani, din comuna Clejani, jude\u021bul\u00a0 Giurgiu, care a sesizat faptul c\u0103 fiica sa de 13 ani, a plecat de la domiciliul \u00eenso\u021bit\u0103 de prietenul s\u0103u de 21 ani, din localitatea Merenii de Jos, jude\u021bul Teleorman, f\u0103r\u0103 a preciza unde se duce \u0219i c\u00e2nd se va \u00eentoarce acas\u0103. \u00cen baza sesiz\u0103rii, poli\u021bi\u0219tii Sec\u021biei Nr. 6 Poli\u021bie Rural\u0103 Mih\u0103ile\u0219ti au desf\u0103\u0219urat activit\u0103\u021bi pe raza comunelor Clejani, Letca Noua, jude\u021bul Giurgiu c\u00e2t \u0219i pe raza comunei Mereni, jude\u021bul Teleorman, ocazie cu care, t\u00e2n\u0103ra a fost identificat\u0103 pe raza localit\u0103\u021bii Milcov\u0103\u021bu, jude\u021bul Giurgiu.<\/p>\n<p style=\"text-align: justify;\">Men\u021bion\u0103m faptul c\u0103 cele patru persoane nu au fost victime ale vreunei infrac\u021biuni, fiind \u00eencredin\u021bate familiilor acestora.<\/p>\n<p style=\"text-align: justify;\">La data de<strong> 6 august a.c.<\/strong>, poli\u021bi\u0219tii Sec\u021biei nr. 4 Poli\u021bie Rural\u0103 Ghimpa\u021bi au fost sesiza\u021bi de c\u0103tre un b\u0103rbat din comuna Ghimpa\u021bi, cu privire la faptul c\u0103 fiica sa de 14 ani, a plecat voluntar de la domiciliul \u0219i nu a mai revenit. \u00cen urma activit\u0103\u021bilor desf\u0103\u0219urate, t\u00e2n\u0103ra a fost identificat\u0103 pe raza ora\u0219ului \u0218tef\u0103ne\u0219ti jude\u021bul Arge\u0219, la domiciliul prietenului s\u0103u. T\u00e2n\u0103ra a fost condus\u0103 la I.P.J. Arge\u0219, ulterior fiind\u00a0 preluat\u0103 de poli\u021bi\u0219tii Sec\u021biei nr.4 Poli\u021bie Rural\u0103 Ghimpa\u021bi \u0219i predat\u0103 la D.G.A.S.P.C Giurgiu, deoarece a refuzat s\u0103 revin\u0103 la domiciliu.<\/p>\n<p style=\"text-align: justify;\">Ast\u0103zi, <strong>8 august a.c.<\/strong>, ora 01.50, poli\u021bi\u0219tii Sec\u021biei Nr. 4 Ghimpa\u021bi au fost sesiza\u021bi prin S.N.U.A.U. 112 de c\u0103tre o femeie din comuna Ghimpa\u021bi, cu privire la faptul c\u0103 fiica sa de 14 ani, a plecat de la domiciliu \u0219i nu a mai revenit. \u00cen urma activit\u0103\u021bilor desf\u0103\u0219urate, t\u00e2n\u0103ra a fost depistat\u0103 pe raza municipiului Pite\u0219ti. Aceasta a fost condus\u0103 la sediul Sec\u021biei Nr. 3 Poli\u021bie Pite\u0219ti, unde s-au purtat discu\u021bii cu minora \u00een prezen\u021ba unui reprezentant al DGASPC Arge\u0219, ulterior fiind preluat\u0103 de poli\u021bi\u0219tii Sec\u021biei Nr. 4 Ghimpa\u021bi \u0219i \u00eencredin\u021bat\u0103 familiei.<\/p>\n<p style=\"text-align: justify;\">Men\u021bion\u0103m faptul c\u0103 cele\u00a0\u015fase tinere nu au fost victime ale vreunei infrac\u021biuni, fiind \u00eencredin\u021bate familiilor acestora.<\/p>\n","protected":false},"excerpt":{"rendered":"<p>\u015ease tinere din jude\u021bul Giurgiu,<\/p>\n","protected":false},"author":1,"featured_media":0,"comment_status":"open","ping_status":"open","sticky":false,"template":"","format":"standard","meta":{"footnotes":""},"categories":[6],"tags":[],"class_list":["post-61836","post","type-post","status-publish","format-standard","hentry","category-breaking-news"],"_links":{"self":[{"href":"https:\/\/www.giurgiuveanul.ro\/stiri\/wp-json\/wp\/v2\/posts\/61836","targetHints":{"allow":["GET"]}}],"collection":[{"href":"https:\/\/www.giurgiuveanul.ro\/stiri\/wp-json\/wp\/v2\/posts"}],"about":[{"href":"https:\/\/www.giurgiuveanul.ro\/stiri\/wp-json\/wp\/v2\/types\/post"}],"author":[{"embeddable":true,"href":"https:\/\/www.giurgiuveanul.ro\/stiri\/wp-json\/wp\/v2\/users\/1"}],"replies":[{"embeddable":true,"href":"https:\/\/www.giurgiuveanul.ro\/stiri\/wp-json\/wp\/v2\/comments?post=61836"}],"version-history":[{"count":0,"href":"https:\/\/www.giurgiuveanul.ro\/stiri\/wp-json\/wp\/v2\/posts\/61836\/revisions"}],"wp:attachment":[{"href":"https:\/\/www.giurgiuveanul.ro\/stiri\/wp-json\/wp\/v2\/media?parent=61836"}],"wp:term":[{"taxonomy":"category","embeddable":true,"href":"https:\/\/www.giurgiuveanul.ro\/stiri\/wp-json\/wp\/v2\/categories?post=61836"},{"taxonomy":"post_tag","embeddable":true,"href":"https:\/\/www.giurgiuveanul.ro\/stiri\/wp-json\/wp\/v2\/tags?post=61836"}],"curies":[{"name":"wp","href":"https:\/\/api.w.org\/{rel}","templated":true}]}}