{"id":61839,"date":"2019-08-08T16:20:34","date_gmt":"2019-08-08T13:20:34","guid":{"rendered":"https:\/\/www.giurgiuveanul.ro\/stiri\/?p=61839"},"modified":"2019-08-08T16:20:34","modified_gmt":"2019-08-08T13:20:34","slug":"minor-de-16-ani-depistat-la-volanul-unui-autoturism","status":"publish","type":"post","link":"https:\/\/www.giurgiuveanul.ro\/stiri\/minor-de-16-ani-depistat-la-volanul-unui-autoturism\/","title":{"rendered":"Minor de 16 ani, depistat la volanul unui autoturism"},"content":{"rendered":"<p style=\"text-align: justify;\"><a href=\"https:\/\/www.giurgiuveanul.ro\/stiri\/wp-content\/uploads\/2019\/08\/a2164cbcfd784c8b215028ae206500325.jpg\"><img loading=\"lazy\" decoding=\"async\" class=\"aligncenter size-large wp-image-61840\" src=\"https:\/\/www.giurgiuveanul.ro\/stiri\/wp-content\/uploads\/2019\/08\/a2164cbcfd784c8b215028ae206500325-560x280.jpg\" alt=\"a2164cbcfd784c8b215028ae206500325\" width=\"560\" height=\"280\" srcset=\"https:\/\/www.giurgiuveanul.ro\/stiri\/wp-content\/uploads\/2019\/08\/a2164cbcfd784c8b215028ae206500325-560x280.jpg 560w, https:\/\/www.giurgiuveanul.ro\/stiri\/wp-content\/uploads\/2019\/08\/a2164cbcfd784c8b215028ae206500325-250x125.jpg 250w, https:\/\/www.giurgiuveanul.ro\/stiri\/wp-content\/uploads\/2019\/08\/a2164cbcfd784c8b215028ae206500325-400x200.jpg 400w, https:\/\/www.giurgiuveanul.ro\/stiri\/wp-content\/uploads\/2019\/08\/a2164cbcfd784c8b215028ae206500325.jpg 650w\" sizes=\"auto, (max-width: 560px) 100vw, 560px\" \/><\/a>Un minor, de 16 ani,<!--more--> este cercetat de poli\u021bi\u0219tii giurgiuveni, dup\u0103 ce a fost depistat conduc\u00e2nd un autoturism, de\u0219i nu poseda permis de conducere pentru nicio categorie de autovehicule.<\/p>\n<p style=\"text-align: justify;\">Miercuri, 7 august a.c., ora 23.30, poli\u021bi\u0219tii Sec\u021biei de Poli\u021bie Rural\u0103 Nr. 8 Roata de Jos au desistat \u00een trafic, pe raza comunei Buc\u0219ani, jude\u021bul Giurgiu, un adolescent, de 16 ani, din comuna Buc\u0219ani, jude\u021bul Giurgiu, \u00een timp ce conducea un autoturism f\u0103r\u0103 a poseda permis de conducere pentru nicio categorie de autovehicule.<\/p>\n<p style=\"text-align: justify;\">Se efectueaz\u0103 cercet\u0103ri sub aspectul s\u0103v\u00e2r\u0219irii infrac\u021biunii de conducere a unui vehicul f\u0103r\u0103 a poseda permis de conducere.<\/p>\n","protected":false},"excerpt":{"rendered":"<p>Un minor, de 16 ani,<\/p>\n","protected":false},"author":1,"featured_media":0,"comment_status":"open","ping_status":"open","sticky":false,"template":"","format":"standard","meta":{"footnotes":""},"categories":[6],"tags":[],"class_list":["post-61839","post","type-post","status-publish","format-standard","hentry","category-breaking-news"],"_links":{"self":[{"href":"https:\/\/www.giurgiuveanul.ro\/stiri\/wp-json\/wp\/v2\/posts\/61839","targetHints":{"allow":["GET"]}}],"collection":[{"href":"https:\/\/www.giurgiuveanul.ro\/stiri\/wp-json\/wp\/v2\/posts"}],"about":[{"href":"https:\/\/www.giurgiuveanul.ro\/stiri\/wp-json\/wp\/v2\/types\/post"}],"author":[{"embeddable":true,"href":"https:\/\/www.giurgiuveanul.ro\/stiri\/wp-json\/wp\/v2\/users\/1"}],"replies":[{"embeddable":true,"href":"https:\/\/www.giurgiuveanul.ro\/stiri\/wp-json\/wp\/v2\/comments?post=61839"}],"version-history":[{"count":0,"href":"https:\/\/www.giurgiuveanul.ro\/stiri\/wp-json\/wp\/v2\/posts\/61839\/revisions"}],"wp:attachment":[{"href":"https:\/\/www.giurgiuveanul.ro\/stiri\/wp-json\/wp\/v2\/media?parent=61839"}],"wp:term":[{"taxonomy":"category","embeddable":true,"href":"https:\/\/www.giurgiuveanul.ro\/stiri\/wp-json\/wp\/v2\/categories?post=61839"},{"taxonomy":"post_tag","embeddable":true,"href":"https:\/\/www.giurgiuveanul.ro\/stiri\/wp-json\/wp\/v2\/tags?post=61839"}],"curies":[{"name":"wp","href":"https:\/\/api.w.org\/{rel}","templated":true}]}}