{"id":61842,"date":"2019-08-08T17:42:10","date_gmt":"2019-08-08T14:42:10","guid":{"rendered":"https:\/\/www.giurgiuveanul.ro\/stiri\/?p=61842"},"modified":"2019-08-08T17:55:20","modified_gmt":"2019-08-08T14:55:20","slug":"inspectorul-sef-al-itm-giurgiu-cristian-anculescu-atentie-canicula-ce-obligatii-au-angajatorii","status":"publish","type":"post","link":"https:\/\/www.giurgiuveanul.ro\/stiri\/inspectorul-sef-al-itm-giurgiu-cristian-anculescu-atentie-canicula-ce-obligatii-au-angajatorii\/","title":{"rendered":"Inspectorul \u015fef al ITM Giurgiu, Cristian Anculescu: ATEN\u0162IE, canicul\u0103! Ce obliga\u0163ii au angajatorii"},"content":{"rendered":"<p style=\"text-align: justify;\"><a href=\"https:\/\/www.giurgiuveanul.ro\/stiri\/wp-content\/uploads\/2019\/08\/23167690_719301238269911_7211942991492416428_n.jpg\"><img loading=\"lazy\" decoding=\"async\" class=\"size-large wp-image-61843 aligncenter\" src=\"https:\/\/www.giurgiuveanul.ro\/stiri\/wp-content\/uploads\/2019\/08\/23167690_719301238269911_7211942991492416428_n-439x450.jpg\" alt=\"23167690_719301238269911_7211942991492416428_n\" width=\"439\" height=\"450\" srcset=\"https:\/\/www.giurgiuveanul.ro\/stiri\/wp-content\/uploads\/2019\/08\/23167690_719301238269911_7211942991492416428_n-439x450.jpg 439w, https:\/\/www.giurgiuveanul.ro\/stiri\/wp-content\/uploads\/2019\/08\/23167690_719301238269911_7211942991492416428_n-250x256.jpg 250w, https:\/\/www.giurgiuveanul.ro\/stiri\/wp-content\/uploads\/2019\/08\/23167690_719301238269911_7211942991492416428_n-400x410.jpg 400w, https:\/\/www.giurgiuveanul.ro\/stiri\/wp-content\/uploads\/2019\/08\/23167690_719301238269911_7211942991492416428_n.jpg 936w\" sizes=\"auto, (max-width: 439px) 100vw, 439px\" \/><\/a><\/p>\n<p style=\"text-align: justify;\">Ca urmare a avertiz\u0103rilor emise de Administra\u0163ia Na\u0163ional\u0103 de Meteorologie<!--more--> referitoare la temperaturile ce vor fi atinse \u00een aceste zile, \u00een care disconfortul termic va fi accentuat, iar indicele temperatur\u0103-umezeal\u0103 (ITU) va dep\u0103\u015fi pragul critic de 80 de unit\u0103\u0163i, \u00een Giurgiu, <strong>Inspectoratul Teritorial de Munc\u0103 (ITM) va controla respectarea m\u0103surilor ce pot fi aplicate \u00een perioadele cu temperaturi extreme pentru protec\u0163ia persoanelor \u00eencadrate \u00een munc\u0103<\/strong>.<\/p>\n<p style=\"text-align: justify;\"><em>\u201cAngajatorii sunt obligati sa asigure conditii minime pentru mentinerea starii de sanatate a salariatilor: reducerea intensitatii si ritmului activitatilor fizice, asigurarea ventilatiei la locurile de munca, alternarea efortului dinamic cu cel static, alternarea perioadelor de lucru cu perioadele de repaus in locuri umbrite, asigurarea apei minerale, cate 2-4 litri de persoana pe schimb, asigurarea echipamentului individual de protectie, asigurarea de dusuri\u201d<\/em>, atrage atentia inspectorul \u015fef al ITM Giurgiu, <strong>Cristian Anculescu <\/strong><em>(foto)<\/em>.<\/p>\n<p>Astfel, angajatorii trebuie s\u0103 asigure urm\u0103toarele m\u0103suri minimale:<\/p>\n<ol>\n<li><strong>a) Pentru ameliorarea conditiilor de munca:<\/strong><\/li>\n<\/ol>\n<p><em>&#8211; reducerea intensitatii si ritmului activitatilor fizice;<\/em><\/p>\n<p><em>\u00a0&#8211; asigurarea ventilatiei la locurile de munca;<\/em><\/p>\n<p><em>&#8211; alternarea efortului dinamic cu cel static;<\/em><\/p>\n<p><em>\u00a0&#8211; alternarea perioadelor de lucru cu perioadele de repaus in locuri umbrite, cu curenti de aer.<\/em><\/p>\n<ol>\n<li><strong>b) pentru mentinerea starii de sanatate a angajatilor:<\/strong><\/li>\n<\/ol>\n<p><em>&#8211; asigurarea apei minerale adecvate, cate 2-4 litri\/persoana\/schimb;<\/em><\/p>\n<p><em>&#8211; asigurarea echipamentului individual de protectie;<\/em><\/p>\n<p><em>\u00a0-asigurarea de dusuri.<\/em><\/p>\n<p>\u00cen cazul in care angajatorii nu pot s\u0103 asigure conditiile prezentate mai sus, sunt obliga\u0163i prin lege s\u0103 fac\u0103 anumite modific\u0103ri \u00een programul de lucru. Spre exemplu, pot sa reduca durata zilei de munca, s\u0103 e\u015faloneze lucrul pe ore <em>(diminea\u0163a \u015fi dup\u0103-amiaza)<\/em> \u015fi altele.<\/p>\n","protected":false},"excerpt":{"rendered":"<p>Ca urmare a avertiz\u0103rilor emise de Administra\u0163ia Na\u0163ional\u0103 de Meteorologie<\/p>\n","protected":false},"author":1,"featured_media":0,"comment_status":"open","ping_status":"open","sticky":false,"template":"","format":"standard","meta":{"footnotes":""},"categories":[6],"tags":[],"class_list":["post-61842","post","type-post","status-publish","format-standard","hentry","category-breaking-news"],"_links":{"self":[{"href":"https:\/\/www.giurgiuveanul.ro\/stiri\/wp-json\/wp\/v2\/posts\/61842","targetHints":{"allow":["GET"]}}],"collection":[{"href":"https:\/\/www.giurgiuveanul.ro\/stiri\/wp-json\/wp\/v2\/posts"}],"about":[{"href":"https:\/\/www.giurgiuveanul.ro\/stiri\/wp-json\/wp\/v2\/types\/post"}],"author":[{"embeddable":true,"href":"https:\/\/www.giurgiuveanul.ro\/stiri\/wp-json\/wp\/v2\/users\/1"}],"replies":[{"embeddable":true,"href":"https:\/\/www.giurgiuveanul.ro\/stiri\/wp-json\/wp\/v2\/comments?post=61842"}],"version-history":[{"count":0,"href":"https:\/\/www.giurgiuveanul.ro\/stiri\/wp-json\/wp\/v2\/posts\/61842\/revisions"}],"wp:attachment":[{"href":"https:\/\/www.giurgiuveanul.ro\/stiri\/wp-json\/wp\/v2\/media?parent=61842"}],"wp:term":[{"taxonomy":"category","embeddable":true,"href":"https:\/\/www.giurgiuveanul.ro\/stiri\/wp-json\/wp\/v2\/categories?post=61842"},{"taxonomy":"post_tag","embeddable":true,"href":"https:\/\/www.giurgiuveanul.ro\/stiri\/wp-json\/wp\/v2\/tags?post=61842"}],"curies":[{"name":"wp","href":"https:\/\/api.w.org\/{rel}","templated":true}]}}