{"id":61848,"date":"2019-08-08T20:11:13","date_gmt":"2019-08-08T17:11:13","guid":{"rendered":"https:\/\/www.giurgiuveanul.ro\/stiri\/?p=61848"},"modified":"2019-08-08T20:16:10","modified_gmt":"2019-08-08T17:16:10","slug":"anunt-important-pentru-locuitorii-municipiului-giurgiu","status":"publish","type":"post","link":"https:\/\/www.giurgiuveanul.ro\/stiri\/anunt-important-pentru-locuitorii-municipiului-giurgiu\/","title":{"rendered":"ANUN\u0162 IMPORTANT pentru locuitorii municipiului Giurgiu!"},"content":{"rendered":"<p><a href=\"https:\/\/www.giurgiuveanul.ro\/stiri\/wp-content\/uploads\/2019\/08\/12.jpg\"><img loading=\"lazy\" decoding=\"async\" class=\"aligncenter size-large wp-image-61849\" src=\"https:\/\/www.giurgiuveanul.ro\/stiri\/wp-content\/uploads\/2019\/08\/12-560x315.jpg\" alt=\"1\" width=\"560\" height=\"315\" srcset=\"https:\/\/www.giurgiuveanul.ro\/stiri\/wp-content\/uploads\/2019\/08\/12-560x315.jpg 560w, https:\/\/www.giurgiuveanul.ro\/stiri\/wp-content\/uploads\/2019\/08\/12-250x141.jpg 250w, https:\/\/www.giurgiuveanul.ro\/stiri\/wp-content\/uploads\/2019\/08\/12-400x225.jpg 400w, https:\/\/www.giurgiuveanul.ro\/stiri\/wp-content\/uploads\/2019\/08\/12.jpg 852w\" sizes=\"auto, (max-width: 560px) 100vw, 560px\" \/><\/a>Institu\u0163ia Prefectului \u2013 Jude\u0163ul Giurgiu aduce la cuno\u015ftin\u0163\u0103 faptul c\u0103<!--more--> operatorul regional APA SERVICE SA anun\u0163\u0103 c\u0103 <strong>\u00een noaptea de 8 spre 9 august 2019, \u00eentre orele 24-04, presiunea apei potabile va fi mic\u0103 \u00een toat\u0103 re\u0163eaua de distribu\u0163ie<\/strong>, datorit\u0103 unor lucr\u0103ri de remediere a unei avarii ap\u0103rute la Sta\u0163ia de Pompare Sud.<\/p>\n<p>\u00cen acest interval de timp, presiunea apei va ajunge la 1,2 atmosfere \u00een toate zonele ora\u015fului, iar la reluarea aliment\u0103rii la presiunea normal\u0103 este posibil ca pentru o scurt\u0103 perioad\u0103 de timp s\u0103 apar\u0103 suspensii \u00een ap\u0103.<\/p>\n","protected":false},"excerpt":{"rendered":"<p>Institu\u0163ia Prefectului \u2013 Jude\u0163ul Giurgiu aduce la cuno\u015ftin\u0163\u0103 faptul c\u0103<\/p>\n","protected":false},"author":1,"featured_media":0,"comment_status":"open","ping_status":"open","sticky":false,"template":"","format":"standard","meta":{"footnotes":""},"categories":[6],"tags":[],"class_list":["post-61848","post","type-post","status-publish","format-standard","hentry","category-breaking-news"],"_links":{"self":[{"href":"https:\/\/www.giurgiuveanul.ro\/stiri\/wp-json\/wp\/v2\/posts\/61848","targetHints":{"allow":["GET"]}}],"collection":[{"href":"https:\/\/www.giurgiuveanul.ro\/stiri\/wp-json\/wp\/v2\/posts"}],"about":[{"href":"https:\/\/www.giurgiuveanul.ro\/stiri\/wp-json\/wp\/v2\/types\/post"}],"author":[{"embeddable":true,"href":"https:\/\/www.giurgiuveanul.ro\/stiri\/wp-json\/wp\/v2\/users\/1"}],"replies":[{"embeddable":true,"href":"https:\/\/www.giurgiuveanul.ro\/stiri\/wp-json\/wp\/v2\/comments?post=61848"}],"version-history":[{"count":0,"href":"https:\/\/www.giurgiuveanul.ro\/stiri\/wp-json\/wp\/v2\/posts\/61848\/revisions"}],"wp:attachment":[{"href":"https:\/\/www.giurgiuveanul.ro\/stiri\/wp-json\/wp\/v2\/media?parent=61848"}],"wp:term":[{"taxonomy":"category","embeddable":true,"href":"https:\/\/www.giurgiuveanul.ro\/stiri\/wp-json\/wp\/v2\/categories?post=61848"},{"taxonomy":"post_tag","embeddable":true,"href":"https:\/\/www.giurgiuveanul.ro\/stiri\/wp-json\/wp\/v2\/tags?post=61848"}],"curies":[{"name":"wp","href":"https:\/\/api.w.org\/{rel}","templated":true}]}}