{"id":61855,"date":"2019-08-09T09:43:54","date_gmt":"2019-08-09T06:43:54","guid":{"rendered":"https:\/\/www.giurgiuveanul.ro\/stiri\/?p=61855"},"modified":"2019-08-09T09:43:54","modified_gmt":"2019-08-09T06:43:54","slug":"in-atentia-soferilor-trafic-restrictionat-in-zona-balciului","status":"publish","type":"post","link":"https:\/\/www.giurgiuveanul.ro\/stiri\/in-atentia-soferilor-trafic-restrictionat-in-zona-balciului\/","title":{"rendered":"\u00cen aten\u021bia \u0219oferilor! Trafic restric\u021bionat \u00een zona B\u00e2lciului!"},"content":{"rendered":"<p style=\"text-align: justify;\"><a href=\"https:\/\/www.giurgiuveanul.ro\/stiri\/wp-content\/uploads\/2019\/08\/POLITIA-rutiera-1.jpg\"><img loading=\"lazy\" decoding=\"async\" class=\"aligncenter size-large wp-image-61856\" src=\"https:\/\/www.giurgiuveanul.ro\/stiri\/wp-content\/uploads\/2019\/08\/POLITIA-rutiera-1-560x423.jpg\" alt=\"POLITIA-rutiera-1\" width=\"560\" height=\"423\" srcset=\"https:\/\/www.giurgiuveanul.ro\/stiri\/wp-content\/uploads\/2019\/08\/POLITIA-rutiera-1-560x423.jpg 560w, https:\/\/www.giurgiuveanul.ro\/stiri\/wp-content\/uploads\/2019\/08\/POLITIA-rutiera-1-250x189.jpg 250w, https:\/\/www.giurgiuveanul.ro\/stiri\/wp-content\/uploads\/2019\/08\/POLITIA-rutiera-1-400x302.jpg 400w, https:\/\/www.giurgiuveanul.ro\/stiri\/wp-content\/uploads\/2019\/08\/POLITIA-rutiera-1.jpg 1280w\" sizes=\"auto, (max-width: 560px) 100vw, 560px\" \/><\/a>Poli\u0163ia Municipiului Giurgiu,<!--more--> prin Biroul Rutier, informeaz\u0103 conduc\u0103torii auto c\u0103 pe timpul desf\u0103\u015fur\u0103rii tradi\u0163ionalului B\u00e2lci de Sf\u00e2nta Maria traficul din aceast\u0103 zon\u0103 va fi restric\u0163ionat, \u00een perioadele cu mult\u0103 aglomera\u0163ie, prin rute ocolitoare.<\/p>\n<p style=\"text-align: justify;\">Conduc\u0103torii auto sunt ruga\u021bi de Biroul Rutier din cadrul Poli\u0163iei Municipiului Giurgiu s\u0103 manifeste aten\u021bie sporit\u0103, s\u0103 respecte regulile de circula\u021bie \u015fi semnifica\u021bia mijloacelor de semnalizare rutier\u0103 \u0219i s\u0103 nu sta\u021bioneze autovehiculele \u00een zon\u0103.<\/p>\n","protected":false},"excerpt":{"rendered":"<p>Poli\u0163ia Municipiului Giurgiu,<\/p>\n","protected":false},"author":1,"featured_media":0,"comment_status":"open","ping_status":"open","sticky":false,"template":"","format":"standard","meta":{"footnotes":""},"categories":[6],"tags":[],"class_list":["post-61855","post","type-post","status-publish","format-standard","hentry","category-breaking-news"],"_links":{"self":[{"href":"https:\/\/www.giurgiuveanul.ro\/stiri\/wp-json\/wp\/v2\/posts\/61855","targetHints":{"allow":["GET"]}}],"collection":[{"href":"https:\/\/www.giurgiuveanul.ro\/stiri\/wp-json\/wp\/v2\/posts"}],"about":[{"href":"https:\/\/www.giurgiuveanul.ro\/stiri\/wp-json\/wp\/v2\/types\/post"}],"author":[{"embeddable":true,"href":"https:\/\/www.giurgiuveanul.ro\/stiri\/wp-json\/wp\/v2\/users\/1"}],"replies":[{"embeddable":true,"href":"https:\/\/www.giurgiuveanul.ro\/stiri\/wp-json\/wp\/v2\/comments?post=61855"}],"version-history":[{"count":0,"href":"https:\/\/www.giurgiuveanul.ro\/stiri\/wp-json\/wp\/v2\/posts\/61855\/revisions"}],"wp:attachment":[{"href":"https:\/\/www.giurgiuveanul.ro\/stiri\/wp-json\/wp\/v2\/media?parent=61855"}],"wp:term":[{"taxonomy":"category","embeddable":true,"href":"https:\/\/www.giurgiuveanul.ro\/stiri\/wp-json\/wp\/v2\/categories?post=61855"},{"taxonomy":"post_tag","embeddable":true,"href":"https:\/\/www.giurgiuveanul.ro\/stiri\/wp-json\/wp\/v2\/tags?post=61855"}],"curies":[{"name":"wp","href":"https:\/\/api.w.org\/{rel}","templated":true}]}}