{"id":61864,"date":"2019-08-09T19:35:46","date_gmt":"2019-08-09T16:35:46","guid":{"rendered":"https:\/\/www.giurgiuveanul.ro\/stiri\/?p=61864"},"modified":"2019-08-09T19:37:07","modified_gmt":"2019-08-09T16:37:07","slug":"cartele-prepay-doar-cu-buletinul-la-112-poti-suna-si-fara-cartela","status":"publish","type":"post","link":"https:\/\/www.giurgiuveanul.ro\/stiri\/cartele-prepay-doar-cu-buletinul-la-112-poti-suna-si-fara-cartela\/","title":{"rendered":"Cartele PrePay doar cu buletinul"},"content":{"rendered":"<p style=\"text-align: justify;\"><a href=\"https:\/\/www.giurgiuveanul.ro\/stiri\/wp-content\/uploads\/2019\/08\/cartela_prepay_00939700.jpg\"><img loading=\"lazy\" decoding=\"async\" class=\"aligncenter size-large wp-image-61865\" src=\"https:\/\/www.giurgiuveanul.ro\/stiri\/wp-content\/uploads\/2019\/08\/cartela_prepay_00939700-560x315.jpg\" alt=\"cartela_prepay_00939700\" width=\"560\" height=\"315\" srcset=\"https:\/\/www.giurgiuveanul.ro\/stiri\/wp-content\/uploads\/2019\/08\/cartela_prepay_00939700-560x315.jpg 560w, https:\/\/www.giurgiuveanul.ro\/stiri\/wp-content\/uploads\/2019\/08\/cartela_prepay_00939700-250x141.jpg 250w, https:\/\/www.giurgiuveanul.ro\/stiri\/wp-content\/uploads\/2019\/08\/cartela_prepay_00939700-400x225.jpg 400w, https:\/\/www.giurgiuveanul.ro\/stiri\/wp-content\/uploads\/2019\/08\/cartela_prepay_00939700.jpg 620w\" sizes=\"auto, (max-width: 560px) 100vw, 560px\" \/><\/a><strong>Guvernul<!--more--> a lansat\u00a0 \u00een dezbatere public\u0103 un proiect de ordonan\u0163\u0103 de urgen\u0163\u0103 care genereaz\u0103 schimb\u0103ri \u00een legisla\u021bia intern\u0103 \u00een domeniul furniz\u0103rii de servicii de comunica\u021bii electronice care vor permite identificarea utilizatorilor de cartele SIM pentru care plata se face \u00een avans, aspect ce va avea ca efect descurajarea apel\u0103rii abuzive a num\u0103rului 112 de c\u0103tre aceste persoane, a\u0219a cum se arat\u0103 \u00een nota de fundamentare.<\/strong><\/p>\n<p>Proiectul de ordonan\u021b\u0103 ce prevede c\u0103 doar cu buletinul vor mai putea fi cump\u0103rate cartele telefonice prepay arat\u0103 c\u0103 furnizorii de servicii de telecomunica\u021bii au termen \u0219ase luni pentru a colecta datele de identitate ale utilizatorilor.<\/p>\n<p>Actul normativ oblig\u0103 furnizorii de servicii de telecomunica\u021bii- s\u0103 nu v\u00e2nd\u0103 anonim cartele \u0219i, \u00een termen de \u0219ase luni de la intrarea \u00een vigoare a ordonan\u021bei, s\u0103 colecteze date de identitate ale celor care utilizeaz\u0103 cartele prepaid v\u00e2ndute anterior. Furnizorii de servicii sunt obliga\u021bi, prin acest proiect, s\u0103 \u00eenchid\u0103 cartela respectiv\u0103.<\/p>\n<p>Pe l\u00e2ng\u0103 punerea la dispozi\u021bie a datelor personale atunci c\u00e2nd cump\u0103r\u0103 o cartel\u0103 nou\u0103, utilizatorii au \u0219i alt\u0103 obliga\u021bie: s\u0103 declare \u00een cel mult 72 de ore pierderea sau furtul cartelei, astfel \u00eenc\u00e2t furnizorul s\u0103 o \u00eenchid\u0103.<\/p>\n<p>Doar serviciul unic de urgen\u021b\u0103 va avea acces la datele de identitate ale utilizatorilor, p\u0103strate de furnizori.<\/p>\n","protected":false},"excerpt":{"rendered":"<p>Guvernul<\/p>\n","protected":false},"author":1,"featured_media":0,"comment_status":"open","ping_status":"open","sticky":false,"template":"","format":"standard","meta":{"footnotes":""},"categories":[6],"tags":[],"class_list":["post-61864","post","type-post","status-publish","format-standard","hentry","category-breaking-news"],"_links":{"self":[{"href":"https:\/\/www.giurgiuveanul.ro\/stiri\/wp-json\/wp\/v2\/posts\/61864","targetHints":{"allow":["GET"]}}],"collection":[{"href":"https:\/\/www.giurgiuveanul.ro\/stiri\/wp-json\/wp\/v2\/posts"}],"about":[{"href":"https:\/\/www.giurgiuveanul.ro\/stiri\/wp-json\/wp\/v2\/types\/post"}],"author":[{"embeddable":true,"href":"https:\/\/www.giurgiuveanul.ro\/stiri\/wp-json\/wp\/v2\/users\/1"}],"replies":[{"embeddable":true,"href":"https:\/\/www.giurgiuveanul.ro\/stiri\/wp-json\/wp\/v2\/comments?post=61864"}],"version-history":[{"count":0,"href":"https:\/\/www.giurgiuveanul.ro\/stiri\/wp-json\/wp\/v2\/posts\/61864\/revisions"}],"wp:attachment":[{"href":"https:\/\/www.giurgiuveanul.ro\/stiri\/wp-json\/wp\/v2\/media?parent=61864"}],"wp:term":[{"taxonomy":"category","embeddable":true,"href":"https:\/\/www.giurgiuveanul.ro\/stiri\/wp-json\/wp\/v2\/categories?post=61864"},{"taxonomy":"post_tag","embeddable":true,"href":"https:\/\/www.giurgiuveanul.ro\/stiri\/wp-json\/wp\/v2\/tags?post=61864"}],"curies":[{"name":"wp","href":"https:\/\/api.w.org\/{rel}","templated":true}]}}