{"id":61876,"date":"2019-08-10T19:23:13","date_gmt":"2019-08-10T16:23:13","guid":{"rendered":"https:\/\/www.giurgiuveanul.ro\/stiri\/?p=61876"},"modified":"2019-08-10T19:24:55","modified_gmt":"2019-08-10T16:24:55","slug":"se-pregateste-nou-numar-de-urgenta-ce-se-poate-transmite-la-114-vezi-aici","status":"publish","type":"post","link":"https:\/\/www.giurgiuveanul.ro\/stiri\/se-pregateste-nou-numar-de-urgenta-ce-se-poate-transmite-la-114-vezi-aici\/","title":{"rendered":"Se preg\u0103te\u0219te un nou num\u0103r de urgen\u021b\u0103? Ce se poate transmite la 114 VEZI AICI"},"content":{"rendered":"<p style=\"text-align: justify;\"><strong><a href=\"https:\/\/www.giurgiuveanul.ro\/stiri\/wp-content\/uploads\/2019\/08\/desc\u0103rcare.jpg\"><img loading=\"lazy\" decoding=\"async\" class=\"aligncenter  wp-image-61878\" src=\"https:\/\/www.giurgiuveanul.ro\/stiri\/wp-content\/uploads\/2019\/08\/desc\u0103rcare.jpg\" alt=\"desc\u0103rcare\" width=\"540\" height=\"332\" srcset=\"https:\/\/www.giurgiuveanul.ro\/stiri\/wp-content\/uploads\/2019\/08\/desc\u0103rcare.jpg 286w, https:\/\/www.giurgiuveanul.ro\/stiri\/wp-content\/uploads\/2019\/08\/desc\u0103rcare-250x154.jpg 250w\" sizes=\"auto, (max-width: 540px) 100vw, 540px\" \/><\/a>Un nou num\u0103r de urgen\u021b\u0103<!--more--> va ap\u0103rea \u00een cur\u00e2nd, potrivit unui proiect legislativ ce a fost pus recent \u00een dezbatere public\u0103 de c\u0103tre Ministerul Comunica\u021biilor \u0219i Societ\u0103\u021bii Informa\u021bionale.<\/strong><\/p>\n<p style=\"text-align: justify;\">La noul num\u0103r de urgen\u021b\u0103, respectiv 114, se vor transmite automat date de localizare a telefonului mobil.<\/p>\n<p style=\"text-align: justify;\">M\u0103sura introducerii unui nou num\u0103r de urgen\u021b\u0103 se reg\u0103se\u0219te \u00eentr-un proiect de ordonan\u021b\u0103 de urgen\u021b\u0103 a Guvernului.<\/p>\n<p style=\"text-align: justify;\">Ini\u021biativa legislativ\u0103 prevede introducerea unui nou num\u0103r de urgen\u021b\u0103, \u0219i anume 114, num\u0103r care, al\u0103turi de num\u0103rul de urgen\u021b\u0103 112, va ajuta la rezolvarea situa\u021biilor ce implic\u0103 interven\u021bii urgente.<\/p>\n<p style=\"text-align: justify;\">Mai exact, noul num\u0103r de urgen\u021b\u0103 va recep\u021biona de la telefonul unei persoane mesaje ce con\u021bin informa\u021bii de localizare a respectivului terminal telefonic. Mesajele se vor trimite automat c\u0103tre num\u0103rul unic 114, f\u0103r\u0103 ca de\u021bin\u0103torul telefonului s\u0103 fie nevoit s\u0103 fac\u0103 ceva.<\/p>\n<p style=\"text-align: justify;\">Ministerul Comunica\u0163iilor a transmis c\u0103\u00a0num\u0103rul 114 nu va fi un num\u0103r de urgen\u0163\u0103 aflat la dispozi\u0163ia apelan\u0163ilor, \u00een sensul num\u0103rului 112, ci doar un canal tehnic asociat num\u0103rului de urgen\u0163\u0103 112.<\/p>\n<p style=\"text-align: justify;\"><a href=\"https:\/\/www.giurgiuveanul.ro\/stiri\/wp-content\/uploads\/2019\/08\/images.jpg\"><img loading=\"lazy\" decoding=\"async\" class=\"aligncenter  wp-image-61877\" src=\"https:\/\/www.giurgiuveanul.ro\/stiri\/wp-content\/uploads\/2019\/08\/images.jpg\" alt=\"images\" width=\"528\" height=\"317\" srcset=\"https:\/\/www.giurgiuveanul.ro\/stiri\/wp-content\/uploads\/2019\/08\/images.jpg 290w, https:\/\/www.giurgiuveanul.ro\/stiri\/wp-content\/uploads\/2019\/08\/images-250x150.jpg 250w\" sizes=\"auto, (max-width: 528px) 100vw, 528px\" \/><\/a><\/p>\n<p style=\"text-align: justify;\"><strong>UPDATE:<\/strong> \u00cen proiectul ini\u0163iat de MCSI al Ordonan\u0163ei de Urgen\u0163\u0103 pentru modificarea \u015fi completarea Ordonan\u0163ei de Urgen\u0163\u0103 a Guvernului nr. 34\/2008 privind organizarea \u015fi func\u0163ionarea Sistemului na\u0163ional unic pentru apeluri de urgen\u0163\u0103 \u015fi a Ordonan\u0163ei de Urgen\u0163\u0103 a Guvernului nr. 111\/2011 privind comunica\u0163iile electronice, la art. I, alin. 1, se prev\u0103d urm\u0103toarele: \u201dAstfel, preciz\u0103m c\u0103 num\u0103rul 114 NU VA FI un num\u0103r de urgen\u0163\u0103 aflat la dispozi\u0163ia apelan\u0163ilor, \u00een sensul num\u0103rului 112, ci doar un canal tehnic asociat num\u0103rului de urgen\u0163\u0103 112.<\/p>\n<p style=\"text-align: justify;\">Dup\u0103 adoptarea actului normativ, apelurile de urgen\u0163\u0103 ale cet\u0103\u0163enilor se vor \u00eendrepta spre acelea\u015fi numere ca \u015fi \u00een prezent: 112, respectiv 113 (cel din urm\u0103 fiind adresat persoanelor cu dizabilit\u0103\u0163i).<\/p>\n<p style=\"text-align: justify;\">\u201eTransmiterea mesajelor tehnice standardizate scurte ce con\u0163in infornna\u0163ia de localizare ob\u0163inut\u0103 pe baza echipamentului terminal se realizeaz\u0103 f\u0103r\u0103 interven\u0163ia apelantului, c\u0103tre num\u0103rul unic 114.&#8221;<\/p>\n<p style=\"text-align: justify;\">\u201eFurnizorii de re\u0163ele publice mobile de telefonie au obliga\u0163ia de a suporta at\u00e2t costurile determinate de transmiterea la num\u0103rul 114 a mesajelor tehnice standardizate scurte ce con\u0163in infornria\u0163ia de localizare ob\u0163inut\u0103 pe baza echipamentului terminal, c\u00e2t \u015fi costurile aferente traficului generat pe o conexiune de date de transmiterea informa\u0163iei de localizare ob\u0163inut\u0103 pe baza echipamentului terminal\u201d, se arat\u0103 \u00een proiectul de lege supus dezbaterii publice. Subliniem c\u0103 num\u0103rul 114 reprezint\u0103 doar un canal tehnic ce va fi asociat cu num\u0103rul de urgen\u0163\u0103 112, dup\u0103 cum a transmis Ministerul Comunica\u0163iilor.<\/p>\n<p style=\"text-align: justify;\">Datele personale vor fi p\u0103strate pentru o perioad\u0103 de zece ani Proiectul de act normativ stabile\u015fte \u015fi norme cu caracter tranzitoriu, care prev\u0103d o perioad\u0103 de \u015fase luni pentru colectarea datelor utilizatorilor care beneficiaz\u0103 de serviciile men\u0163ionate la data intr\u0103rii \u00een vigoare a actului normativ. Datele personale colectate prin intermediul num\u0103rului de urgen\u0163\u0103 114 vor fi prelucrate respect\u00e2nd prevederile\u00a0 GDPR \u015fi vor fi stocate timp de zece ani. Ulterior vor fi \u015fterse sau, dup\u0103 caz, distruse.<\/p>\n<p style=\"text-align: justify;\">\u201ePerioada de p\u0103strare a datelor a fost stabilit\u0103 pentru 10 ani, astfel \u00eenc\u00e2t s\u0103 se asigure un echilibru \u00eentre protec\u0163ia drepturilor persoanei vizate, pe de o parte \u015fi interesul public, pe de alt\u0103 parte, urm\u00e2nd ca la \u00eemplinirea termenului de 10 ani, datele cu caracter personal s\u0103 fie \u015fterse sau, dup\u0103 caz, distruse\u201d, se arat\u0103 \u00een nota de fundamentare a proiectului. \u00cen acest sens se va modifica OUG 34 din 2008 \u015fi se vor introduce prevederi prin care furnizorii de re\u0163ele publice mobile de telefonie s\u0103 suporte costul mesajelor tehnice standardizate scurte de localizare \u015fi a traficului de date generat de informa\u0163ia de localizare obl\u0163nut\u0103 pe baza echipamentului terminal pe durata apelului, se mai arat\u0103 \u00een document.<\/p>\n<p style=\"text-align: justify;\">\u00cen Rom\u00e2nia, pe l\u00e2ng\u0103 num\u0103rul unic de urgen\u0163\u0103 112 func\u0163ioneaz\u0103 \u015fi num\u0103rul unic 113, la care se persoanele cu dizabilit\u0103\u0163i de auz \u015fi\/sau vorbire pot transmite SMS serviciilor de urgen\u0163\u0103.<\/p>\n","protected":false},"excerpt":{"rendered":"<p>Un nou num\u0103r de urgen\u021b\u0103<\/p>\n","protected":false},"author":1,"featured_media":0,"comment_status":"open","ping_status":"open","sticky":false,"template":"","format":"standard","meta":{"footnotes":""},"categories":[6],"tags":[],"class_list":["post-61876","post","type-post","status-publish","format-standard","hentry","category-breaking-news"],"_links":{"self":[{"href":"https:\/\/www.giurgiuveanul.ro\/stiri\/wp-json\/wp\/v2\/posts\/61876","targetHints":{"allow":["GET"]}}],"collection":[{"href":"https:\/\/www.giurgiuveanul.ro\/stiri\/wp-json\/wp\/v2\/posts"}],"about":[{"href":"https:\/\/www.giurgiuveanul.ro\/stiri\/wp-json\/wp\/v2\/types\/post"}],"author":[{"embeddable":true,"href":"https:\/\/www.giurgiuveanul.ro\/stiri\/wp-json\/wp\/v2\/users\/1"}],"replies":[{"embeddable":true,"href":"https:\/\/www.giurgiuveanul.ro\/stiri\/wp-json\/wp\/v2\/comments?post=61876"}],"version-history":[{"count":0,"href":"https:\/\/www.giurgiuveanul.ro\/stiri\/wp-json\/wp\/v2\/posts\/61876\/revisions"}],"wp:attachment":[{"href":"https:\/\/www.giurgiuveanul.ro\/stiri\/wp-json\/wp\/v2\/media?parent=61876"}],"wp:term":[{"taxonomy":"category","embeddable":true,"href":"https:\/\/www.giurgiuveanul.ro\/stiri\/wp-json\/wp\/v2\/categories?post=61876"},{"taxonomy":"post_tag","embeddable":true,"href":"https:\/\/www.giurgiuveanul.ro\/stiri\/wp-json\/wp\/v2\/tags?post=61876"}],"curies":[{"name":"wp","href":"https:\/\/api.w.org\/{rel}","templated":true}]}}