{"id":61909,"date":"2019-08-12T09:02:25","date_gmt":"2019-08-12T06:02:25","guid":{"rendered":"https:\/\/www.giurgiuveanul.ro\/stiri\/?p=61909"},"modified":"2019-08-12T09:02:25","modified_gmt":"2019-08-12T06:02:25","slug":"minivacanta-de-sfanta-maria-cate-zile-libere-mai-avem-pana-la-sfarsitul-anului-vezi-aici","status":"publish","type":"post","link":"https:\/\/www.giurgiuveanul.ro\/stiri\/minivacanta-de-sfanta-maria-cate-zile-libere-mai-avem-pana-la-sfarsitul-anului-vezi-aici\/","title":{"rendered":"MINIVACAN\u021a\u0102 de Sf\u00e2nta Maria! C\u00e2te zile libere mai avem p\u00e2n\u0103 la sf\u00e2r\u015fitul anului VEZI AICI"},"content":{"rendered":"<p style=\"text-align: justify;\"><strong><a href=\"https:\/\/www.giurgiuveanul.ro\/stiri\/wp-content\/uploads\/2019\/08\/zile_10152000-1.jpg\"><img loading=\"lazy\" decoding=\"async\" class=\"aligncenter size-large wp-image-61910\" src=\"https:\/\/www.giurgiuveanul.ro\/stiri\/wp-content\/uploads\/2019\/08\/zile_10152000-1-560x318.jpg\" alt=\"zile_10152000 (1)\" width=\"560\" height=\"318\" srcset=\"https:\/\/www.giurgiuveanul.ro\/stiri\/wp-content\/uploads\/2019\/08\/zile_10152000-1-560x318.jpg 560w, https:\/\/www.giurgiuveanul.ro\/stiri\/wp-content\/uploads\/2019\/08\/zile_10152000-1-250x142.jpg 250w, https:\/\/www.giurgiuveanul.ro\/stiri\/wp-content\/uploads\/2019\/08\/zile_10152000-1-400x227.jpg 400w, https:\/\/www.giurgiuveanul.ro\/stiri\/wp-content\/uploads\/2019\/08\/zile_10152000-1.jpg 620w\" sizes=\"auto, (max-width: 560px) 100vw, 560px\" \/><\/a>Unii angaja\u021bi rom\u00e2ni<!--more--> vor avea minivacan\u021b\u0103, \u00een perioada 15-18 august, dup\u0103 ce Guvernul a aprobat zi liber\u0103 \u0219i pe 16 august. Joi, 15 august, se pr\u0103znuie\u015fte Adormirea Maicii Domnului, fiind zi liber\u0103 prin lege. Guvernul a acordat zi liber\u0103 \u0219i vineri, 16 august, astfel c\u0103 bugetarii se vor putea bucura de o minivacan\u021b\u0103 de patru zile. Potrivit Guvernului, recuperarea zilei libere din 16 august se face prin prelungirea timpilor de lucru p\u00e2n\u0103 la finalul lunii august.<\/strong><\/p>\n<p style=\"text-align: justify;\">Nu vor beneficia de zi liber\u0103 angaja\u0163ii care trebuie s\u0103 asigure permanen\u0163a \u015fi magistra\u0163ii care au termene \u00een procese \u00een data respectiv\u0103.<\/p>\n<p style=\"text-align: justify;\"><strong>Zile libere r\u0103mase \u00een 2019:<\/strong><\/p>\n<p style=\"text-align: justify;\">15 august \u2014 Adormirea Maicii Domnului \u2013 joi<\/p>\n<p style=\"text-align: justify;\">30 noiembrie \u2014 Sf\u00e2ntul Andrei \u2013 s\u00e2mb\u0103t\u0103<\/p>\n<p style=\"text-align: justify;\">1 decembrie \u2014 Ziua Na\u0163ional\u0103 a Rom\u00e2niei \u2013 duminic\u0103<\/p>\n<p style=\"text-align: justify;\">25 decembrie \u2013 Cr\u0103ciunul \u2013 miercuri<\/p>\n<p style=\"text-align: justify;\">26 decembrie \u2014 Cr\u0103ciunul \u2013 joi<\/p>\n<p style=\"text-align: justify;\"><strong>ZILE LIBERE 2020:<\/strong><\/p>\n<p style=\"text-align: justify;\">Miercuri, 1 ianuarie \u2013 Anul Nou<\/p>\n<p style=\"text-align: justify;\">Joi, 2 ianuarie \u2014 Anul Nou<\/p>\n<p style=\"text-align: justify;\">Vineri, 24 ianuarie \u2014 Ziua Unirii Principatelor Rom\u00e2ne<\/p>\n<p style=\"text-align: justify;\">Vineri, 17 aprilie (Vinerea Mare)<\/p>\n<p style=\"text-align: justify;\">Duminic\u0103, 19 aprilie: Pa\u015ftele ortodox<\/p>\n<p style=\"text-align: justify;\">Luni, 20 aprilie: Pa\u0219tele ortodox \u2013 a doua zi de Pa\u015fti<\/p>\n<p style=\"text-align: justify;\">Vineri, 1 Mai: Ziua Muncii<\/p>\n<p style=\"text-align: justify;\">Luni, 1 iunie: Ziua Copilului<\/p>\n<p style=\"text-align: justify;\">Duminic\u0103, 7 iunie: Rusaliile<\/p>\n<p style=\"text-align: justify;\">Luni, 8 iunie: A doua zi de Rusalii<\/p>\n<p style=\"text-align: justify;\">S\u00e2mb\u0103t\u0103, 15 august: Adormirea Maicii Domnului<\/p>\n<p style=\"text-align: justify;\">Luni, 30 noiembrie: Sf\u00e2ntul Andrei<\/p>\n<p style=\"text-align: justify;\">Mar\u0163i, 1 decembrie: Ziua Na\u021bional\u0103 a Rom\u00e2niei<\/p>\n<p style=\"text-align: justify;\">Vineri, 25 decembrie: Cr\u0103ciunul<\/p>\n<p style=\"text-align: justify;\">S\u00e2mb\u0103t\u0103, 26 decembrie: A doua zi de Cr\u0103ciun<\/p>\n<p style=\"text-align: justify;\">Conform legisla\u0163iei \u00een vigoare, angaja\u0163ii au dreptul la o compensare cu timp liber \u00een urm\u0103toarele 30 de zile. \u00cen caz c\u0103 aceast\u0103 compensare nu poate fi acordat\u0103, angaja\u0163ii au dreptul la un spor salarial de cel pu\u0163in 100% din salariul de baz\u0103.<\/p>\n","protected":false},"excerpt":{"rendered":"<p>Unii angaja\u021bi rom\u00e2ni<\/p>\n","protected":false},"author":1,"featured_media":0,"comment_status":"open","ping_status":"open","sticky":false,"template":"","format":"standard","meta":{"footnotes":""},"categories":[6],"tags":[],"class_list":["post-61909","post","type-post","status-publish","format-standard","hentry","category-breaking-news"],"_links":{"self":[{"href":"https:\/\/www.giurgiuveanul.ro\/stiri\/wp-json\/wp\/v2\/posts\/61909","targetHints":{"allow":["GET"]}}],"collection":[{"href":"https:\/\/www.giurgiuveanul.ro\/stiri\/wp-json\/wp\/v2\/posts"}],"about":[{"href":"https:\/\/www.giurgiuveanul.ro\/stiri\/wp-json\/wp\/v2\/types\/post"}],"author":[{"embeddable":true,"href":"https:\/\/www.giurgiuveanul.ro\/stiri\/wp-json\/wp\/v2\/users\/1"}],"replies":[{"embeddable":true,"href":"https:\/\/www.giurgiuveanul.ro\/stiri\/wp-json\/wp\/v2\/comments?post=61909"}],"version-history":[{"count":0,"href":"https:\/\/www.giurgiuveanul.ro\/stiri\/wp-json\/wp\/v2\/posts\/61909\/revisions"}],"wp:attachment":[{"href":"https:\/\/www.giurgiuveanul.ro\/stiri\/wp-json\/wp\/v2\/media?parent=61909"}],"wp:term":[{"taxonomy":"category","embeddable":true,"href":"https:\/\/www.giurgiuveanul.ro\/stiri\/wp-json\/wp\/v2\/categories?post=61909"},{"taxonomy":"post_tag","embeddable":true,"href":"https:\/\/www.giurgiuveanul.ro\/stiri\/wp-json\/wp\/v2\/tags?post=61909"}],"curies":[{"name":"wp","href":"https:\/\/api.w.org\/{rel}","templated":true}]}}