{"id":61919,"date":"2019-08-12T09:38:00","date_gmt":"2019-08-12T06:38:00","guid":{"rendered":"https:\/\/www.giurgiuveanul.ro\/stiri\/?p=61919"},"modified":"2019-08-12T09:38:00","modified_gmt":"2019-08-12T06:38:00","slug":"care-sunt-conditiile-pentru-obtinerea-facilitatilor-fiscale-pentru-beneficia-de-amnistia-fiscala","status":"publish","type":"post","link":"https:\/\/www.giurgiuveanul.ro\/stiri\/care-sunt-conditiile-pentru-obtinerea-facilitatilor-fiscale-pentru-beneficia-de-amnistia-fiscala\/","title":{"rendered":"Care sunt condi\u021biile pentru ob\u021binerea facilit\u0103\u021bilor fiscale pentru a beneficia de amnistia fiscal\u0103"},"content":{"rendered":"<p style=\"text-align: justify;\"><strong><a href=\"https:\/\/www.giurgiuveanul.ro\/stiri\/wp-content\/uploads\/2019\/08\/amnistie-fiscala.jpg\"><img loading=\"lazy\" decoding=\"async\" class=\"aligncenter size-large wp-image-61920\" src=\"https:\/\/www.giurgiuveanul.ro\/stiri\/wp-content\/uploads\/2019\/08\/amnistie-fiscala-560x369.jpg\" alt=\"amnistie-fiscala\" width=\"560\" height=\"369\" srcset=\"https:\/\/www.giurgiuveanul.ro\/stiri\/wp-content\/uploads\/2019\/08\/amnistie-fiscala-560x369.jpg 560w, https:\/\/www.giurgiuveanul.ro\/stiri\/wp-content\/uploads\/2019\/08\/amnistie-fiscala-250x165.jpg 250w, https:\/\/www.giurgiuveanul.ro\/stiri\/wp-content\/uploads\/2019\/08\/amnistie-fiscala-400x263.jpg 400w, https:\/\/www.giurgiuveanul.ro\/stiri\/wp-content\/uploads\/2019\/08\/amnistie-fiscala.jpg 1200w\" sizes=\"auto, (max-width: 560px) 100vw, 560px\" \/><\/a>Guvernul a adoptat<!--more-->\u00a0recent amnistia fiscal\u0103 de care vor beneficia persoanele fizice \u0219i firmele cu datorii la stat peste un milion de lei. M\u0103surile prev\u0103d \u0219i posibilitatea ca, \u00een 6 luni, debitorul s\u0103 poat\u0103 pentru restructurarea financiar\u0103 \u0219i s\u0103 preg\u0103teasc\u0103 un plan de restructurare elaborat de c\u0103tre un expert independent.<\/strong><\/p>\n<p style=\"text-align: justify;\">Ordonan\u0163a prevede dou\u0103 mecanisme de e\u015falonare a pl\u0103\u0163ii: m\u0103suri de restructurare a obliga\u0163iilor bugetare restante la 31 decembrie 2018 pentru debitorii care au datorii mai mari de un milion de lei, bazat\u0103 pe un plan de restructurare, plat\u0103 e\u015falonat\u0103 \u015fi supravegherea fiscal\u0103 pe perioada \u00eenlesnirii; anularea accesoriilor \u00een cazul datoriilor sub un milion lei, dac\u0103 obliga\u0163iile bugetare principale se achit\u0103 p\u00e2n\u0103 la 30 noiembrie 2019.<\/p>\n<p style=\"text-align: justify;\">Debitorii pot opta pentru plata e\u0219alonat\u0103 a obliga\u021biilor bugetare, conversia \u00een ac\u021biuni a obliga\u021biilor, stingerea restan\u021belor prin darea \u00een plat\u0103 a unor imobile.<\/p>\n<p style=\"text-align: justify;\">Mai este prev\u0103zut\u0103 anularea unor obliga\u021bii bugetare principale \u00een propor\u021bie de maxim 50%, din totalul acestora, \u00een func\u021bie de capacitatea financiar\u0103 de plat\u0103 a debitorului.<\/p>\n<p style=\"text-align: justify;\">De asemenea, este inclus\u0103 am\u00e2narea la plat\u0103 a accesoriilor datorate de contribuabili \u00een vederea anul\u0103rii dac\u0103 planul de restructurare se finalizeaz\u0103 cu succes.<\/p>\n<p style=\"text-align: justify;\">Pentru a beneficia de m\u0103surile fiscale, debitorii trebuie s\u0103 pl\u0103teasc\u0103 \u00een 15 decembrie 2019 obliga\u021biile bugetare cu termene de plat\u0103 \u00eentre 1 ianuarie \u2013 15 decembrie 2019, obliga\u021biile bugetare principale \u0219i accesorii reprezent\u00e2nd ajutor de stat de recuperat \u0219i obliga\u021biile bugetare stabilite de alte organe, precum \u0219i amenzile transmise spre recuperare ANAF, dup\u0103 notificarea ANAF privind inten\u021bia de restructurare.<\/p>\n<p style=\"text-align: justify;\">Ar urma s\u0103 fie circa 300.000 de beneficiari, din care aproximativ 2.700 companii capital privat cu 255.000 de angaja\u021bi \u0219i 1.100 institu\u021bii publice \u0219i UAT-uri.<\/p>\n<p style=\"text-align: justify;\">M\u0103surile intr\u0103 \u00een vigoare de la publicarea \u00een Monitorul Oficial.<\/p>\n<p style=\"text-align: justify;\">\n","protected":false},"excerpt":{"rendered":"<p>Guvernul a adoptat<\/p>\n","protected":false},"author":1,"featured_media":0,"comment_status":"open","ping_status":"open","sticky":false,"template":"","format":"standard","meta":{"footnotes":""},"categories":[6],"tags":[],"class_list":["post-61919","post","type-post","status-publish","format-standard","hentry","category-breaking-news"],"_links":{"self":[{"href":"https:\/\/www.giurgiuveanul.ro\/stiri\/wp-json\/wp\/v2\/posts\/61919","targetHints":{"allow":["GET"]}}],"collection":[{"href":"https:\/\/www.giurgiuveanul.ro\/stiri\/wp-json\/wp\/v2\/posts"}],"about":[{"href":"https:\/\/www.giurgiuveanul.ro\/stiri\/wp-json\/wp\/v2\/types\/post"}],"author":[{"embeddable":true,"href":"https:\/\/www.giurgiuveanul.ro\/stiri\/wp-json\/wp\/v2\/users\/1"}],"replies":[{"embeddable":true,"href":"https:\/\/www.giurgiuveanul.ro\/stiri\/wp-json\/wp\/v2\/comments?post=61919"}],"version-history":[{"count":0,"href":"https:\/\/www.giurgiuveanul.ro\/stiri\/wp-json\/wp\/v2\/posts\/61919\/revisions"}],"wp:attachment":[{"href":"https:\/\/www.giurgiuveanul.ro\/stiri\/wp-json\/wp\/v2\/media?parent=61919"}],"wp:term":[{"taxonomy":"category","embeddable":true,"href":"https:\/\/www.giurgiuveanul.ro\/stiri\/wp-json\/wp\/v2\/categories?post=61919"},{"taxonomy":"post_tag","embeddable":true,"href":"https:\/\/www.giurgiuveanul.ro\/stiri\/wp-json\/wp\/v2\/tags?post=61919"}],"curies":[{"name":"wp","href":"https:\/\/api.w.org\/{rel}","templated":true}]}}