{"id":61938,"date":"2019-08-12T14:54:29","date_gmt":"2019-08-12T11:54:29","guid":{"rendered":"https:\/\/www.giurgiuveanul.ro\/stiri\/?p=61938"},"modified":"2019-08-12T15:07:25","modified_gmt":"2019-08-12T12:07:25","slug":"sapte-soferi-prinsi-beti-la-volan-au-ramas-fara-permis-de-conducere","status":"publish","type":"post","link":"https:\/\/www.giurgiuveanul.ro\/stiri\/sapte-soferi-prinsi-beti-la-volan-au-ramas-fara-permis-de-conducere\/","title":{"rendered":"\u015eapte \u015foferi prin\u015fi be\u0163i la volan&#8230; au r\u0103mas f\u0103r\u0103 permis de conducere!"},"content":{"rendered":"<p style=\"text-align: justify;\"><strong><a href=\"https:\/\/www.giurgiuveanul.ro\/stiri\/wp-content\/uploads\/2019\/08\/politist-politie-etilotest-accident.jpg\"><img loading=\"lazy\" decoding=\"async\" class=\"aligncenter size-large wp-image-61939\" src=\"https:\/\/www.giurgiuveanul.ro\/stiri\/wp-content\/uploads\/2019\/08\/politist-politie-etilotest-accident-560x308.jpg\" alt=\"politist-politie-etilotest-accident\" width=\"560\" height=\"308\" srcset=\"https:\/\/www.giurgiuveanul.ro\/stiri\/wp-content\/uploads\/2019\/08\/politist-politie-etilotest-accident-560x308.jpg 560w, https:\/\/www.giurgiuveanul.ro\/stiri\/wp-content\/uploads\/2019\/08\/politist-politie-etilotest-accident-250x137.jpg 250w, https:\/\/www.giurgiuveanul.ro\/stiri\/wp-content\/uploads\/2019\/08\/politist-politie-etilotest-accident-400x220.jpg 400w, https:\/\/www.giurgiuveanul.ro\/stiri\/wp-content\/uploads\/2019\/08\/politist-politie-etilotest-accident.jpg 655w\" sizes=\"auto, (max-width: 560px) 100vw, 560px\" \/><\/a>\u015eapte<!--more--> b\u0103rba\u021bi sunt cerceta\u021bi de poli\u021bi\u0219tii giurgiuveni, dup\u0103 ce au fost depista\u021bi \u00een trafic, \u00een timp ce conduceau autovehiculele, de\u0219i se aflau sub influen\u021ba b\u0103uturilor alcoolice.<\/strong><\/p>\n<p style=\"text-align: justify;\"><strong>S\u00e2mb\u0103t\u0103, 10 august a.c., \u00een jurul orei 16.00,<\/strong> poli\u021bi\u0219tii au depistat \u00een trafic, pe strada Videle din municipiul Giurgiu, un b\u0103rbat, de 39 de ani, din comuna Oinacu, jude\u021bul Giurgiu, \u00een timp ce conducea un autoturism, de\u0219i avea dreptul de a conduce suspendat din data de 28.08.2018, totodat\u0103 afl\u00e2ndu-se sub influen\u021ba b\u0103uturilor alcoolice.Conduc\u0103torul auto a fost testat cu aparatul alcooltest, care a indicat valoarea de 1,10 mg\/l alcool pur \u00een aer expirat \u0219i a fost condus la Spitalul Jude\u021bean Giurgiu, pentru recoltarea de probe biologice pentru stabilirea alcoolemiei, \u00eens\u0103 acesta a refuzat. \u00cen cauz\u0103, poli\u021bi\u0219tii au \u00eentocmit dosar\u00a0 penal pentru s\u0103v\u00e2r\u0219irea infrac\u021biunilor de refuz de recoltare de probe biologice \u00een vederea stabilirii alcoolemiei \u0219i conducere a unui auto pe drumul public av\u00e2nd\u00a0 dreptul de a conduce suspendat.<\/p>\n<p style=\"text-align: justify;\"><strong>S\u00e2mb\u0103ta, 10 august a.c., ora 21.00,<\/strong> poli\u021bi\u0219tii au depistat \u00een trafic, \u00een comuna Hotarele, jude\u021bul Giurgiu, un b\u0103rbat, de 64 de ani, din comuna Hotarele, \u00een timp ce conducea un autoturism, afl\u00e2ndu-se sub influen\u021ba b\u0103uturilor alcoolice. Conduc\u0103torul auto a fost testat cu aparatul alcooltest, care a indicat valoarea de 0.69, mg\/l alcool pur \u00een aerul expirat, refuz\u00e2nd transportul la o unitate medical\u0103 pentru recoltarea de probe biologice \u00een vederea stabilirii alcoolemiei. \u00cen cauz\u0103, s-a \u00eentocmit dosar penal sub aspectul s\u0103v\u00e2r\u0219irii infrac\u021biunii de refuz de recoltare de probe biologice \u00een vederea stabilirii alcoolemiei.<\/p>\n<p style=\"text-align: justify;\"><strong>S\u00e2mb\u0103t\u0103, 10 august a.c., ora 18.00,<\/strong> poli\u021bi\u0219tii au depistat \u00een trafic, pe DN 5A \u00een localitatea Izvoarele, un b\u0103rbat, de 54 de ani, din municipiul Bucure\u0219ti, \u00een timp ce conducea o autoutilitar\u0103, afl\u00e2ndu-se sub influen\u021ba b\u0103uturilor alcoolice. Conduc\u0103torul autoutilitarei a fost testat cu aparatul alcooltest care a indicat valoarea de 0,48 mg\/litru alcool pur \u00een aerul expirat, fiind condus la o unitate spitaliceasc\u0103 pentru recoltarea de probe biologice de s\u00e2nge \u00een vederea stabilirii alcoolemiei. \u00cen cauz\u0103, poli\u021bi\u0219tii au \u00eentocmit dosar penal pentru comiterea infrac\u021biunii\u00a0 de conducere a unui autovehicul, sub influen\u021ba b\u0103uturilor alcoolice.<\/p>\n<p style=\"text-align: justify;\"><strong>Duminic\u0103, 11 august a.c., ora 05.00,<\/strong> poli\u021bi\u0219tii au depistat \u00een trafic, un t\u00e2n\u0103r, de 18 ani, \u00een timp ce conducea un autoturism, afl\u00e2ndu-se sub influen\u021ba b\u0103uturilor alcoolice \u0219i f\u0103r\u0103 a poseda permis de conducere valabil pe teritoriul Rom\u00e2niei. T\u00e2n\u0103rul a fost testat cu aparatul etilotest Drager care a indicat valoarea de 0,43 mg\/l. alcool pur \u00een aerul expirat, fiind condus la Spitalul Jude\u021bean Giurgiu pentru prelevarea de probe biologice de s\u00e2nge \u00een vederea stabilirii alcoolemiei. Se efectueaz\u0103 cercet\u0103ri sub aspectul comiterii infrac\u021biunii de conducere a unui vehicul, sub influen\u021ba b\u0103uturilor alcoolice \u0219i conducerea unui vehicul f\u0103r\u0103 permis de conducere.<\/p>\n<p style=\"text-align: justify;\"><strong>Duminic\u0103, 11 august a.c., \u00een jurul orei 19.00,<\/strong> poli\u021bi\u0219tii au depistat \u00een trafic, pe \u0218oseaua Bucure\u0219ti, din municipiul Giurgiu, un b\u0103rbat, de 53 de ani, din ora\u0219ul Corabia, jude\u021bul Olt, \u00een timp ce conducea un autoturism, afl\u00e2ndu-se sub influen\u021ba b\u0103uturilor alcoolice. A fost testat cu aparatul etilotest Drager, care a indicat valoarea de 0,73 mg\/l alcool pur \u00een aerul expirat, fiind condus la Spitalul Jude\u021bean de Urgen\u021b\u0103\u00a0 Giurgiu unde i-au fost recoltate probe biologice de s\u00e2nge \u00een vederea stabilirii alcoolemiei. Se efectueaz\u0103 cercet\u0103ri sub aspectul comiterii infrac\u021biunii de conducere a unui vehicul sub influen\u021ba b\u0103uturilor alcoolice.<\/p>\n<p style=\"text-align: justify;\"><strong>Duminic\u0103, 11 august a.c., ora 01.10,<\/strong> poli\u021bi\u0219tii din cadrul Poli\u021bei ora\u0219ului Bolintin-Vale, au depistat \u00een trafic, pe strada Poarta Luncii din ora\u0219ul Bolintin-Vale, jude\u021bul Giurgiu, un t\u00e2n\u0103rm de 27 de ani, din comuna Moldovei, jude\u021bul Ialomi\u021ba, \u00a0\u00een timp ce conducea o autoutilitar\u0103, afl\u00e2ndu-se sub influen\u021ba b\u0103uturilor alcoolice. Conduc\u0103torul autoutilitarei a fost testat cu aparatul alcooltest, care a indicat valoarea de 0,58 mg\/l alcool pur \u00een aerul expirat, fiind condus la Spitalul Bolintin-Vale unde i-au fost recoltate probe biologice \u00een vederea stabilirii alcoolemiei. Se efectueaz\u0103 cercet\u0103ri sub aspectul comiterii infrac\u021biunii de conducere sub influen\u021ba b\u0103uturilor alcoolice.<\/p>\n<p style=\"text-align: justify;\"><strong>Luni, 12 august a.c., ora 00.30,<\/strong> poli\u021bi\u0219tii din cadrul Politiei ora\u0219ului Bolintin-Vale, au depistat \u00een trafic, pe strada Vadului \u00een localitatea Vadu Lat, jude\u021bul Giurgiu, \u00a0un b\u0103rbat, de 33 de ani, din comuna Buc\u0219ani, jude\u021bul Giurgiu, afl\u00e2ndu-se sub influen\u021ba b\u0103uturilor alcoolice. B\u0103rbatul a fost testat cu aparatul alcooltest, care a indicat valoarea de <strong>1,26 mg\/l alcool pur \u00een aerul expirat<\/strong>, fiind condus la Spitalul Bolintin-Vale unde i-au fost recoltate probe biologice \u00een vederea stabilirii alcoolemiei. A fost \u00eentocmit dosar penal \u00een care se efectueaz\u0103 cercet\u0103ri sub aspectul comiterii infrac\u021biunii de conducere a unui vehicul, sub influen\u021ba alcoolului.<\/p>\n","protected":false},"excerpt":{"rendered":"<p>\u015eapte<\/p>\n","protected":false},"author":1,"featured_media":0,"comment_status":"open","ping_status":"open","sticky":false,"template":"","format":"standard","meta":{"footnotes":""},"categories":[6],"tags":[],"class_list":["post-61938","post","type-post","status-publish","format-standard","hentry","category-breaking-news"],"_links":{"self":[{"href":"https:\/\/www.giurgiuveanul.ro\/stiri\/wp-json\/wp\/v2\/posts\/61938","targetHints":{"allow":["GET"]}}],"collection":[{"href":"https:\/\/www.giurgiuveanul.ro\/stiri\/wp-json\/wp\/v2\/posts"}],"about":[{"href":"https:\/\/www.giurgiuveanul.ro\/stiri\/wp-json\/wp\/v2\/types\/post"}],"author":[{"embeddable":true,"href":"https:\/\/www.giurgiuveanul.ro\/stiri\/wp-json\/wp\/v2\/users\/1"}],"replies":[{"embeddable":true,"href":"https:\/\/www.giurgiuveanul.ro\/stiri\/wp-json\/wp\/v2\/comments?post=61938"}],"version-history":[{"count":0,"href":"https:\/\/www.giurgiuveanul.ro\/stiri\/wp-json\/wp\/v2\/posts\/61938\/revisions"}],"wp:attachment":[{"href":"https:\/\/www.giurgiuveanul.ro\/stiri\/wp-json\/wp\/v2\/media?parent=61938"}],"wp:term":[{"taxonomy":"category","embeddable":true,"href":"https:\/\/www.giurgiuveanul.ro\/stiri\/wp-json\/wp\/v2\/categories?post=61938"},{"taxonomy":"post_tag","embeddable":true,"href":"https:\/\/www.giurgiuveanul.ro\/stiri\/wp-json\/wp\/v2\/tags?post=61938"}],"curies":[{"name":"wp","href":"https:\/\/api.w.org\/{rel}","templated":true}]}}