{"id":61992,"date":"2019-08-13T20:47:56","date_gmt":"2019-08-13T17:47:56","guid":{"rendered":"https:\/\/www.giurgiuveanul.ro\/stiri\/?p=61992"},"modified":"2019-08-13T20:47:56","modified_gmt":"2019-08-13T17:47:56","slug":"unde-se-intrerupe-miercuri-14-august-curentul-electric-vezi-aici","status":"publish","type":"post","link":"https:\/\/www.giurgiuveanul.ro\/stiri\/unde-se-intrerupe-miercuri-14-august-curentul-electric-vezi-aici\/","title":{"rendered":"Unde se \u00eentrerupe miercuri, 14 august, curentul electric VEZI AICI"},"content":{"rendered":"<p><a href=\"https:\/\/www.giurgiuveanul.ro\/stiri\/wp-content\/uploads\/2019\/08\/enel-curent.jpg\"><img loading=\"lazy\" decoding=\"async\" class=\"aligncenter size-large wp-image-61993\" src=\"https:\/\/www.giurgiuveanul.ro\/stiri\/wp-content\/uploads\/2019\/08\/enel-curent-560x303.jpg\" alt=\"enel-curent\" width=\"560\" height=\"303\" srcset=\"https:\/\/www.giurgiuveanul.ro\/stiri\/wp-content\/uploads\/2019\/08\/enel-curent-560x303.jpg 560w, https:\/\/www.giurgiuveanul.ro\/stiri\/wp-content\/uploads\/2019\/08\/enel-curent-250x135.jpg 250w, https:\/\/www.giurgiuveanul.ro\/stiri\/wp-content\/uploads\/2019\/08\/enel-curent-400x217.jpg 400w, https:\/\/www.giurgiuveanul.ro\/stiri\/wp-content\/uploads\/2019\/08\/enel-curent.jpg 620w\" sizes=\"auto, (max-width: 560px) 100vw, 560px\" \/><\/a>Pentru<!--more--> lucr\u0103rile anuale de repara\u0163ii \u015fi \u00eentre\u0163inere instala\u0163ii \u015fi re\u0163ele electrice, precum \u015fi posturi de transformare, E-Distribu\u0163ie Muntenia anun\u0163\u0103 \u00eentreruperea furniz\u0103rii energiei electrice \u00een timpul lucr\u0103rilor, pe data de 14 august a.c., dup\u0103 programul indicat mai jos.<\/p>\n<p><strong>\u00centre orele 08:00 \u2013 16:00 \u00een urm\u0103toarele zone:<\/strong><\/p>\n<ul>\n<li>Fr\u0103te\u015fti<\/li>\n<\/ul>\n<p><strong>\u00centre orele 08:30 \u2013 16:30 \u00een urm\u0103toarele zone:<\/strong><\/p>\n<ul>\n<li>G\u0103ujani<\/li>\n<\/ul>\n<p><strong>\u00centre orele 09:00 \u2013 12:00 \u00een urm\u0103toarele zone:<\/strong><\/p>\n<ul>\n<li>Crevedia Mare, str. Principala, Luncii, Dealului<\/li>\n<\/ul>\n<p><strong>\u00centre orele 09:00 \u2013 17:00 \u00een urm\u0103toarele zone:<\/strong><\/p>\n<ul>\n<li>Crevedia Mare, Obaia de la transformator la Primarie<\/li>\n<\/ul>\n","protected":false},"excerpt":{"rendered":"<p>Pentru<\/p>\n","protected":false},"author":1,"featured_media":0,"comment_status":"open","ping_status":"open","sticky":false,"template":"","format":"standard","meta":{"footnotes":""},"categories":[6],"tags":[],"class_list":["post-61992","post","type-post","status-publish","format-standard","hentry","category-breaking-news"],"_links":{"self":[{"href":"https:\/\/www.giurgiuveanul.ro\/stiri\/wp-json\/wp\/v2\/posts\/61992","targetHints":{"allow":["GET"]}}],"collection":[{"href":"https:\/\/www.giurgiuveanul.ro\/stiri\/wp-json\/wp\/v2\/posts"}],"about":[{"href":"https:\/\/www.giurgiuveanul.ro\/stiri\/wp-json\/wp\/v2\/types\/post"}],"author":[{"embeddable":true,"href":"https:\/\/www.giurgiuveanul.ro\/stiri\/wp-json\/wp\/v2\/users\/1"}],"replies":[{"embeddable":true,"href":"https:\/\/www.giurgiuveanul.ro\/stiri\/wp-json\/wp\/v2\/comments?post=61992"}],"version-history":[{"count":0,"href":"https:\/\/www.giurgiuveanul.ro\/stiri\/wp-json\/wp\/v2\/posts\/61992\/revisions"}],"wp:attachment":[{"href":"https:\/\/www.giurgiuveanul.ro\/stiri\/wp-json\/wp\/v2\/media?parent=61992"}],"wp:term":[{"taxonomy":"category","embeddable":true,"href":"https:\/\/www.giurgiuveanul.ro\/stiri\/wp-json\/wp\/v2\/categories?post=61992"},{"taxonomy":"post_tag","embeddable":true,"href":"https:\/\/www.giurgiuveanul.ro\/stiri\/wp-json\/wp\/v2\/tags?post=61992"}],"curies":[{"name":"wp","href":"https:\/\/api.w.org\/{rel}","templated":true}]}}