{"id":61995,"date":"2019-08-14T09:00:23","date_gmt":"2019-08-14T06:00:23","guid":{"rendered":"https:\/\/www.giurgiuveanul.ro\/stiri\/?p=61995"},"modified":"2019-08-14T09:00:48","modified_gmt":"2019-08-14T06:00:48","slug":"soferi-profesionisti-nou-control-medical-obligatoriu","status":"publish","type":"post","link":"https:\/\/www.giurgiuveanul.ro\/stiri\/soferi-profesionisti-nou-control-medical-obligatoriu\/","title":{"rendered":"\u015eoferii profesioni\u0219ti, un nou control medical obligatoriu"},"content":{"rendered":"<p style=\"text-align: justify;\"><strong><a href=\"https:\/\/www.giurgiuveanul.ro\/stiri\/wp-content\/uploads\/2019\/08\/a-sofer-profesionist.jpg\"><img loading=\"lazy\" decoding=\"async\" class=\"aligncenter size-large wp-image-61997\" src=\"https:\/\/www.giurgiuveanul.ro\/stiri\/wp-content\/uploads\/2019\/08\/a-sofer-profesionist-560x372.jpg\" alt=\"a sofer profesionist\" width=\"560\" height=\"372\" srcset=\"https:\/\/www.giurgiuveanul.ro\/stiri\/wp-content\/uploads\/2019\/08\/a-sofer-profesionist-560x372.jpg 560w, https:\/\/www.giurgiuveanul.ro\/stiri\/wp-content\/uploads\/2019\/08\/a-sofer-profesionist-250x166.jpg 250w, https:\/\/www.giurgiuveanul.ro\/stiri\/wp-content\/uploads\/2019\/08\/a-sofer-profesionist-400x266.jpg 400w, https:\/\/www.giurgiuveanul.ro\/stiri\/wp-content\/uploads\/2019\/08\/a-sofer-profesionist.jpg 900w\" sizes=\"auto, (max-width: 560px) 100vw, 560px\" \/><\/a>Ministerul<!--more--> S\u0103n\u0103t\u0103\u021bii vrea s\u0103 introduc\u0103 un nou examen medical pentru persoanele care dau examen pentru permisul de conducere a autovehiculelor prev\u0103zute \u00een grupa II, control care va fi obligatoriu.\u00a0<\/strong><\/p>\n<p style=\"text-align: justify;\">Pe pagina ministerului S\u0103n\u0103t\u0103\u021bii a fost publicat recent, \u00een dezbatere public\u0103, un proiect de ordin care modific\u0103 Anexa 2 la Ordinul ministrului s\u0103n\u0103t\u0103\u0163ii nr 1162\/2010 pentru aprobarea Normelor minime privind aptitudinile fizice \u015fi mentale necesare pentru conducerea unui autovehicul.<\/p>\n<p style=\"text-align: justify;\">Potrivit proiectului, cei care doresc s\u0103 devin\u0103 \u0219oferi profesioni\u0219ti vor avea de f\u0103cut \u00een plus fa\u021b\u0103 de acum, un control pneumologic.<\/p>\n<p style=\"text-align: justify;\">Actuala legisla\u021bie prevede ca fi\u0219a medical\u0103 pentru ob\u021binerea permisului s\u0103 con\u021bin\u0103 examene de specialitate la medicin\u0103 intern\u0103, ortopedie \u0219i traumatologie, neurologie, psihiatrie, otorinolaringologie \u0219i oftalmologie.<\/p>\n<p style=\"text-align: justify;\">Proiectul prevede ca pentru persoanele care doresc s\u0103 ob\u021bin\u0103 permis de categoria II, adic\u0103 C, CE, C1, C1E, D, DE, D1, D1E, Tr, Tv, Tb (autovehicule de mari dimensiuni, precum autobuze, camioane, transport m\u0103rfuri), s\u0103 fac\u0103 \u0219i un examen la specialitatea pneumologie.<\/p>\n<p style=\"text-align: justify;\">\u201eControlul pneumologic pentru identificarea riscului de apnee \u00een somn se realizeaz\u0103 doar pentru solicitan\u021bii de permise pentru grupa II\u201d, prevede documentul.<\/p>\n<p style=\"text-align: justify;\">\u00cen urma acestei examin\u0103ri, candidatul va fi declarant apt\/inapt. \u00cen cazul \u00een care la una din specialit\u0103\u021bile medicale men\u021bionate \u00een fi\u0219\u0103, candidatul este declarant inapt conducere auto, aceasta va fi \u0219i concluzia final\u0103 a examenului medical.<\/p>\n<p style=\"text-align: justify;\">Proiectul prevede, de asemenea, cre\u0219terea valabilit\u0103\u021bii examenului medical, de la 6 luni, c\u00e2t este \u00een prezent, la 1 an, \u00een cazul tuturor categoriilor de ob\u021binere a permisului de conducere.<\/p>\n<p style=\"text-align: justify;\"><em>sursa: legestart.ro, ms.ro<\/em><\/p>\n","protected":false},"excerpt":{"rendered":"<p>Ministerul<\/p>\n","protected":false},"author":1,"featured_media":0,"comment_status":"open","ping_status":"open","sticky":false,"template":"","format":"standard","meta":{"footnotes":""},"categories":[6],"tags":[],"class_list":["post-61995","post","type-post","status-publish","format-standard","hentry","category-breaking-news"],"_links":{"self":[{"href":"https:\/\/www.giurgiuveanul.ro\/stiri\/wp-json\/wp\/v2\/posts\/61995","targetHints":{"allow":["GET"]}}],"collection":[{"href":"https:\/\/www.giurgiuveanul.ro\/stiri\/wp-json\/wp\/v2\/posts"}],"about":[{"href":"https:\/\/www.giurgiuveanul.ro\/stiri\/wp-json\/wp\/v2\/types\/post"}],"author":[{"embeddable":true,"href":"https:\/\/www.giurgiuveanul.ro\/stiri\/wp-json\/wp\/v2\/users\/1"}],"replies":[{"embeddable":true,"href":"https:\/\/www.giurgiuveanul.ro\/stiri\/wp-json\/wp\/v2\/comments?post=61995"}],"version-history":[{"count":0,"href":"https:\/\/www.giurgiuveanul.ro\/stiri\/wp-json\/wp\/v2\/posts\/61995\/revisions"}],"wp:attachment":[{"href":"https:\/\/www.giurgiuveanul.ro\/stiri\/wp-json\/wp\/v2\/media?parent=61995"}],"wp:term":[{"taxonomy":"category","embeddable":true,"href":"https:\/\/www.giurgiuveanul.ro\/stiri\/wp-json\/wp\/v2\/categories?post=61995"},{"taxonomy":"post_tag","embeddable":true,"href":"https:\/\/www.giurgiuveanul.ro\/stiri\/wp-json\/wp\/v2\/tags?post=61995"}],"curies":[{"name":"wp","href":"https:\/\/api.w.org\/{rel}","templated":true}]}}