{"id":62019,"date":"2019-08-14T15:49:37","date_gmt":"2019-08-14T12:49:37","guid":{"rendered":"https:\/\/www.giurgiuveanul.ro\/stiri\/?p=62019"},"modified":"2019-08-14T15:50:16","modified_gmt":"2019-08-14T12:50:16","slug":"casa-in-flacari-la-mirau-persoana-de-80-de-ani-suferit-atac-de-panica-foto","status":"publish","type":"post","link":"https:\/\/www.giurgiuveanul.ro\/stiri\/casa-in-flacari-la-mirau-persoana-de-80-de-ani-suferit-atac-de-panica-foto\/","title":{"rendered":"Cas\u0103 \u00een fl\u0103c\u0103ri la Mir\u0103u! O persoan\u0103, de 80 de ani, a suferit un atac de panic\u0103! (FOTO)"},"content":{"rendered":"<p style=\"text-align: justify;\"><strong><a href=\"https:\/\/www.giurgiuveanul.ro\/stiri\/wp-content\/uploads\/2019\/08\/67818755_654697645026559_459740493434060800_n.jpg\"><img loading=\"lazy\" decoding=\"async\" class=\"aligncenter size-large wp-image-62020\" src=\"https:\/\/www.giurgiuveanul.ro\/stiri\/wp-content\/uploads\/2019\/08\/67818755_654697645026559_459740493434060800_n-560x420.jpg\" alt=\"67818755_654697645026559_459740493434060800_n\" width=\"560\" height=\"420\" srcset=\"https:\/\/www.giurgiuveanul.ro\/stiri\/wp-content\/uploads\/2019\/08\/67818755_654697645026559_459740493434060800_n-560x420.jpg 560w, https:\/\/www.giurgiuveanul.ro\/stiri\/wp-content\/uploads\/2019\/08\/67818755_654697645026559_459740493434060800_n-250x188.jpg 250w, https:\/\/www.giurgiuveanul.ro\/stiri\/wp-content\/uploads\/2019\/08\/67818755_654697645026559_459740493434060800_n-400x300.jpg 400w, https:\/\/www.giurgiuveanul.ro\/stiri\/wp-content\/uploads\/2019\/08\/67818755_654697645026559_459740493434060800_n.jpg 1600w\" sizes=\"auto, (max-width: 560px) 100vw, 560px\" \/><\/a>Ast\u0103zi, in jurul orei<!--more--> 11:00, ISU Giurgiu a fost solicitat pentru a interveni la un incendiu produs la o locuin\u021b\u0103, \u00een comuna Stoene\u0219ti, sat Mir\u0103u.<\/strong><\/p>\n<p style=\"text-align: justify;\">La fa\u0163a locului au intervenit dou\u0103 autospeciale de stingere cu ap\u0103 \u0219i spum\u0103 \u0219i o autospecial\u0103 de prima interven\u021bie \u0219i comand\u0103 din cadrul Deta\u0219amentului de Pompieri Giurgiu \u0219i Punctului de Lucru C\u0103lug\u0103reni cu zece subofi\u021beri \u0219i un ofi\u021ber. La momentul sosirii echipajelor, incendiul se manifesta la nivelul acoperi\u0219ului.<\/p>\n<p style=\"text-align: justify;\"><a href=\"https:\/\/www.giurgiuveanul.ro\/stiri\/wp-content\/uploads\/2019\/08\/68441938_2361755100760070_8382289403027914752_n.jpg\"><img loading=\"lazy\" decoding=\"async\" class=\"aligncenter size-large wp-image-62021\" src=\"https:\/\/www.giurgiuveanul.ro\/stiri\/wp-content\/uploads\/2019\/08\/68441938_2361755100760070_8382289403027914752_n-560x420.jpg\" alt=\"68441938_2361755100760070_8382289403027914752_n\" width=\"560\" height=\"420\" srcset=\"https:\/\/www.giurgiuveanul.ro\/stiri\/wp-content\/uploads\/2019\/08\/68441938_2361755100760070_8382289403027914752_n-560x420.jpg 560w, https:\/\/www.giurgiuveanul.ro\/stiri\/wp-content\/uploads\/2019\/08\/68441938_2361755100760070_8382289403027914752_n-250x188.jpg 250w, https:\/\/www.giurgiuveanul.ro\/stiri\/wp-content\/uploads\/2019\/08\/68441938_2361755100760070_8382289403027914752_n-400x300.jpg 400w, https:\/\/www.giurgiuveanul.ro\/stiri\/wp-content\/uploads\/2019\/08\/68441938_2361755100760070_8382289403027914752_n.jpg 1600w\" sizes=\"auto, (max-width: 560px) 100vw, 560px\" \/><\/a><\/p>\n<p style=\"text-align: justify;\">Potrivit ISU Giurgiu, \u00een interiorul imobilului a fost surprins\u0103 o persoan\u0103, \u00een v\u00e2rst\u0103 de circa 80 de ani, care a fost scoas\u0103 din casa p\u00e2n\u0103 la sosirea echipajelor.<\/p>\n<p style=\"text-align: justify;\">Persoana nu s-a intoxicat \u00eens\u0103 a suferit un atac de panic\u0103.<\/p>\n<p style=\"text-align: justify;\">Incendiul a fost lichidat, cauza probabil\u0103 a producerii fiind flac\u0103ra (sc\u0103p\u0103ri de gaze de la butelie).<\/p>\n","protected":false},"excerpt":{"rendered":"<p>Ast\u0103zi, in jurul orei<\/p>\n","protected":false},"author":1,"featured_media":0,"comment_status":"open","ping_status":"open","sticky":false,"template":"","format":"standard","meta":{"footnotes":""},"categories":[6],"tags":[],"class_list":["post-62019","post","type-post","status-publish","format-standard","hentry","category-breaking-news"],"_links":{"self":[{"href":"https:\/\/www.giurgiuveanul.ro\/stiri\/wp-json\/wp\/v2\/posts\/62019","targetHints":{"allow":["GET"]}}],"collection":[{"href":"https:\/\/www.giurgiuveanul.ro\/stiri\/wp-json\/wp\/v2\/posts"}],"about":[{"href":"https:\/\/www.giurgiuveanul.ro\/stiri\/wp-json\/wp\/v2\/types\/post"}],"author":[{"embeddable":true,"href":"https:\/\/www.giurgiuveanul.ro\/stiri\/wp-json\/wp\/v2\/users\/1"}],"replies":[{"embeddable":true,"href":"https:\/\/www.giurgiuveanul.ro\/stiri\/wp-json\/wp\/v2\/comments?post=62019"}],"version-history":[{"count":0,"href":"https:\/\/www.giurgiuveanul.ro\/stiri\/wp-json\/wp\/v2\/posts\/62019\/revisions"}],"wp:attachment":[{"href":"https:\/\/www.giurgiuveanul.ro\/stiri\/wp-json\/wp\/v2\/media?parent=62019"}],"wp:term":[{"taxonomy":"category","embeddable":true,"href":"https:\/\/www.giurgiuveanul.ro\/stiri\/wp-json\/wp\/v2\/categories?post=62019"},{"taxonomy":"post_tag","embeddable":true,"href":"https:\/\/www.giurgiuveanul.ro\/stiri\/wp-json\/wp\/v2\/tags?post=62019"}],"curies":[{"name":"wp","href":"https:\/\/api.w.org\/{rel}","templated":true}]}}