{"id":62040,"date":"2019-08-16T16:54:49","date_gmt":"2019-08-16T13:54:49","guid":{"rendered":"https:\/\/www.giurgiuveanul.ro\/stiri\/?p=62040"},"modified":"2019-08-16T16:54:49","modified_gmt":"2019-08-16T13:54:49","slug":"accident-rutier-soldat-cu-sase-victime-fost-solicitat-elicopterul-smurd-foto","status":"publish","type":"post","link":"https:\/\/www.giurgiuveanul.ro\/stiri\/accident-rutier-soldat-cu-sase-victime-fost-solicitat-elicopterul-smurd-foto\/","title":{"rendered":"ACCIDENT RUTIER soldat cu \u015fase victime! A fost solicitat elicopterul SMURD! (FOTO)"},"content":{"rendered":"<p style=\"text-align: justify;\"><strong><a href=\"https:\/\/www.giurgiuveanul.ro\/stiri\/wp-content\/uploads\/2019\/08\/67970614_454602745129861_7448398998450208768_n.jpg\"><img loading=\"lazy\" decoding=\"async\" class=\"aligncenter size-large wp-image-62042\" src=\"https:\/\/www.giurgiuveanul.ro\/stiri\/wp-content\/uploads\/2019\/08\/67970614_454602745129861_7448398998450208768_n-560x420.jpg\" alt=\"67970614_454602745129861_7448398998450208768_n\" width=\"560\" height=\"420\" srcset=\"https:\/\/www.giurgiuveanul.ro\/stiri\/wp-content\/uploads\/2019\/08\/67970614_454602745129861_7448398998450208768_n-560x420.jpg 560w, https:\/\/www.giurgiuveanul.ro\/stiri\/wp-content\/uploads\/2019\/08\/67970614_454602745129861_7448398998450208768_n-250x188.jpg 250w, https:\/\/www.giurgiuveanul.ro\/stiri\/wp-content\/uploads\/2019\/08\/67970614_454602745129861_7448398998450208768_n-400x300.jpg 400w, https:\/\/www.giurgiuveanul.ro\/stiri\/wp-content\/uploads\/2019\/08\/67970614_454602745129861_7448398998450208768_n.jpg 1600w\" sizes=\"auto, (max-width: 560px) 100vw, 560px\" \/><\/a>S-a \u00eent\u00e2mplat<!--more--> asear\u0103, pe autostrada A1, la km 19, sens spre Pite\u015fti, unde s-a produs un ACCIDENT RUTIER din care au rezultat \u015fase victime, una r\u0103m\u00e2n\u00e2nd \u00eencarcerat\u0103.<\/strong><\/p>\n<p style=\"text-align: justify;\">La locul accidentului au intervenit pompierii din cadrul Deta\u015famentului Bolintin Deal.<\/p>\n<p style=\"text-align: justify;\">Potrivit ISU Giurgiu, a fost un singur autoturism implicat, cu numere de \u00eenmatriculare de Sibiu, acesta ie\u015find din decor.<\/p>\n<p style=\"text-align: justify;\">Pompierii mai informeaz\u0103 c\u0103 au fost \u015fase dintre care una a fost descarcerat\u0103 d3e pompierii giurgiuveni, astfel: doi minori, gemeni &#8211; dintre care unul incon\u015ftient cu traumatism la nivelul capului, patru adul\u021bi &#8211; un b\u0103rbat \u00eencarcerat \u015fi trei 3 femei &#8211; dintre care una a fost intubat\u0103, iar celelalte dou\u0103 con\u015ftiente \u015fi cooperante).\u015f<\/p>\n<p style=\"text-align: justify;\"><a href=\"https:\/\/www.giurgiuveanul.ro\/stiri\/wp-content\/uploads\/2019\/08\/68776437_469173467248750_712286451634536448_n.jpg\"><img loading=\"lazy\" decoding=\"async\" class=\"aligncenter size-large wp-image-62041\" src=\"https:\/\/www.giurgiuveanul.ro\/stiri\/wp-content\/uploads\/2019\/08\/68776437_469173467248750_712286451634536448_n-357x450.jpg\" alt=\"68776437_469173467248750_712286451634536448_n\" width=\"357\" height=\"450\" srcset=\"https:\/\/www.giurgiuveanul.ro\/stiri\/wp-content\/uploads\/2019\/08\/68776437_469173467248750_712286451634536448_n-357x450.jpg 357w, https:\/\/www.giurgiuveanul.ro\/stiri\/wp-content\/uploads\/2019\/08\/68776437_469173467248750_712286451634536448_n-238x300.jpg 238w, https:\/\/www.giurgiuveanul.ro\/stiri\/wp-content\/uploads\/2019\/08\/68776437_469173467248750_712286451634536448_n-400x505.jpg 400w, https:\/\/www.giurgiuveanul.ro\/stiri\/wp-content\/uploads\/2019\/08\/68776437_469173467248750_712286451634536448_n.jpg 713w\" sizes=\"auto, (max-width: 357px) 100vw, 357px\" \/><\/a><\/p>\n<p style=\"text-align: justify;\"><a href=\"https:\/\/www.giurgiuveanul.ro\/stiri\/wp-content\/uploads\/2019\/08\/67915194_227786598115879_2059961551766421504_n.jpg\"><img loading=\"lazy\" decoding=\"async\" class=\"aligncenter size-large wp-image-62043\" src=\"https:\/\/www.giurgiuveanul.ro\/stiri\/wp-content\/uploads\/2019\/08\/67915194_227786598115879_2059961551766421504_n-338x450.jpg\" alt=\"67915194_227786598115879_2059961551766421504_n\" width=\"338\" height=\"450\" srcset=\"https:\/\/www.giurgiuveanul.ro\/stiri\/wp-content\/uploads\/2019\/08\/67915194_227786598115879_2059961551766421504_n-338x450.jpg 338w, https:\/\/www.giurgiuveanul.ro\/stiri\/wp-content\/uploads\/2019\/08\/67915194_227786598115879_2059961551766421504_n-225x300.jpg 225w, https:\/\/www.giurgiuveanul.ro\/stiri\/wp-content\/uploads\/2019\/08\/67915194_227786598115879_2059961551766421504_n-400x533.jpg 400w, https:\/\/www.giurgiuveanul.ro\/stiri\/wp-content\/uploads\/2019\/08\/67915194_227786598115879_2059961551766421504_n.jpg 600w\" sizes=\"auto, (max-width: 338px) 100vw, 338px\" \/><\/a><\/p>\n<p style=\"text-align: justify;\">La fa\u021ba locului au fost mobilizate: o ambulan\u021b\u0103 SMURD, de la Bolintin Deal, o ambulan\u021b\u0103 SAJ Giurgiu, dou\u0103 ambulan\u021be Serviciul de Ambulan\u0163\u0103 Bucure\u015fti Ilfov, \u015fi 1 autospecial\u0103 ASASD (cu modul de descarcerare) din cadrul Deta\u0219amentului de pompieri Bolintin Deal.<\/p>\n<p>Ulterior a fost solicitat \u015fi elicopterul SMURD.<\/p>\n<p style=\"text-align: justify;\"><strong><em>FOTO ISU Giurgiu<\/em><\/strong><\/p>\n","protected":false},"excerpt":{"rendered":"<p>S-a \u00eent\u00e2mplat<\/p>\n","protected":false},"author":1,"featured_media":0,"comment_status":"open","ping_status":"open","sticky":false,"template":"","format":"standard","meta":{"footnotes":""},"categories":[6],"tags":[],"class_list":["post-62040","post","type-post","status-publish","format-standard","hentry","category-breaking-news"],"_links":{"self":[{"href":"https:\/\/www.giurgiuveanul.ro\/stiri\/wp-json\/wp\/v2\/posts\/62040","targetHints":{"allow":["GET"]}}],"collection":[{"href":"https:\/\/www.giurgiuveanul.ro\/stiri\/wp-json\/wp\/v2\/posts"}],"about":[{"href":"https:\/\/www.giurgiuveanul.ro\/stiri\/wp-json\/wp\/v2\/types\/post"}],"author":[{"embeddable":true,"href":"https:\/\/www.giurgiuveanul.ro\/stiri\/wp-json\/wp\/v2\/users\/1"}],"replies":[{"embeddable":true,"href":"https:\/\/www.giurgiuveanul.ro\/stiri\/wp-json\/wp\/v2\/comments?post=62040"}],"version-history":[{"count":0,"href":"https:\/\/www.giurgiuveanul.ro\/stiri\/wp-json\/wp\/v2\/posts\/62040\/revisions"}],"wp:attachment":[{"href":"https:\/\/www.giurgiuveanul.ro\/stiri\/wp-json\/wp\/v2\/media?parent=62040"}],"wp:term":[{"taxonomy":"category","embeddable":true,"href":"https:\/\/www.giurgiuveanul.ro\/stiri\/wp-json\/wp\/v2\/categories?post=62040"},{"taxonomy":"post_tag","embeddable":true,"href":"https:\/\/www.giurgiuveanul.ro\/stiri\/wp-json\/wp\/v2\/tags?post=62040"}],"curies":[{"name":"wp","href":"https:\/\/api.w.org\/{rel}","templated":true}]}}