{"id":62045,"date":"2019-08-16T17:12:21","date_gmt":"2019-08-16T14:12:21","guid":{"rendered":"https:\/\/www.giurgiuveanul.ro\/stiri\/?p=62045"},"modified":"2019-08-16T17:12:58","modified_gmt":"2019-08-16T14:12:58","slug":"foto-accident-rutier-in-municipiul-giurgiu-ce-spune-politia-vezi-aici","status":"publish","type":"post","link":"https:\/\/www.giurgiuveanul.ro\/stiri\/foto-accident-rutier-in-municipiul-giurgiu-ce-spune-politia-vezi-aici\/","title":{"rendered":"(FOTO) ACCIDENT RUTIER \u00een municipiul Giurgiu! Ce spune Poli\u0163ia VEZI AICI"},"content":{"rendered":"<p style=\"text-align: justify;\"><a href=\"https:\/\/www.giurgiuveanul.ro\/stiri\/wp-content\/uploads\/2019\/08\/68872172_2347500701954384_2753930921366257664_n.jpg\"><img loading=\"lazy\" decoding=\"async\" class=\"aligncenter size-large wp-image-62046\" src=\"https:\/\/www.giurgiuveanul.ro\/stiri\/wp-content\/uploads\/2019\/08\/68872172_2347500701954384_2753930921366257664_n-560x420.jpg\" alt=\"68872172_2347500701954384_2753930921366257664_n\" width=\"560\" height=\"420\" srcset=\"https:\/\/www.giurgiuveanul.ro\/stiri\/wp-content\/uploads\/2019\/08\/68872172_2347500701954384_2753930921366257664_n-560x420.jpg 560w, https:\/\/www.giurgiuveanul.ro\/stiri\/wp-content\/uploads\/2019\/08\/68872172_2347500701954384_2753930921366257664_n-250x188.jpg 250w, https:\/\/www.giurgiuveanul.ro\/stiri\/wp-content\/uploads\/2019\/08\/68872172_2347500701954384_2753930921366257664_n-400x300.jpg 400w, https:\/\/www.giurgiuveanul.ro\/stiri\/wp-content\/uploads\/2019\/08\/68872172_2347500701954384_2753930921366257664_n.jpg 2048w\" sizes=\"auto, (max-width: 560px) 100vw, 560px\" \/><\/a>Un b\u0103rbat, de<!--more--> 32 de ani, din municipiul Giurgiu, \u00een timp ce conducea un auto, pe Bulevardul Mihai Viteazu, nu s-a asigurat la schimbarea direc\u021biei de mers, de pe banda 1 pe banda 2 \u0219i a intrat \u00een coliziune cu un auto condus, \u00een aceea\u0219i direc\u021bie, de c\u0103tre un t\u00e2n\u0103r, de 23 de ani, din municipiul Giurgiu.<\/p>\n<p style=\"text-align: justify;\">\u00cen urma evenimentului rutier, care s-a produs ieri, a rezultat r\u0103nirea celor doi conduc\u0103tori auto.<\/p>\n<p style=\"text-align: justify;\">Au fost transporta\u021bi la spital pentru acordarea de \u00eengrijiri medicale.<\/p>\n<p style=\"text-align: justify;\">Niciunul nu se afla sub influen\u021ba b\u0103uturilor alcoolice.<\/p>\n<p style=\"text-align: justify;\">Se efectueaz\u0103 cercet\u0103ri sub aspectul s\u0103v\u00e2r\u0219irii infrac\u021biunii de v\u0103t\u0103mare corporal\u0103 din culp\u0103.<\/p>\n<p style=\"text-align: justify;\"><em>N.R. Mul\u0163umim cititorului nostru pentru fotografia transmis\u0103 pe adresa redac\u0163iei.<\/em><\/p>\n","protected":false},"excerpt":{"rendered":"<p>Un b\u0103rbat, de<\/p>\n","protected":false},"author":1,"featured_media":0,"comment_status":"open","ping_status":"open","sticky":false,"template":"","format":"standard","meta":{"footnotes":""},"categories":[6],"tags":[],"class_list":["post-62045","post","type-post","status-publish","format-standard","hentry","category-breaking-news"],"_links":{"self":[{"href":"https:\/\/www.giurgiuveanul.ro\/stiri\/wp-json\/wp\/v2\/posts\/62045","targetHints":{"allow":["GET"]}}],"collection":[{"href":"https:\/\/www.giurgiuveanul.ro\/stiri\/wp-json\/wp\/v2\/posts"}],"about":[{"href":"https:\/\/www.giurgiuveanul.ro\/stiri\/wp-json\/wp\/v2\/types\/post"}],"author":[{"embeddable":true,"href":"https:\/\/www.giurgiuveanul.ro\/stiri\/wp-json\/wp\/v2\/users\/1"}],"replies":[{"embeddable":true,"href":"https:\/\/www.giurgiuveanul.ro\/stiri\/wp-json\/wp\/v2\/comments?post=62045"}],"version-history":[{"count":0,"href":"https:\/\/www.giurgiuveanul.ro\/stiri\/wp-json\/wp\/v2\/posts\/62045\/revisions"}],"wp:attachment":[{"href":"https:\/\/www.giurgiuveanul.ro\/stiri\/wp-json\/wp\/v2\/media?parent=62045"}],"wp:term":[{"taxonomy":"category","embeddable":true,"href":"https:\/\/www.giurgiuveanul.ro\/stiri\/wp-json\/wp\/v2\/categories?post=62045"},{"taxonomy":"post_tag","embeddable":true,"href":"https:\/\/www.giurgiuveanul.ro\/stiri\/wp-json\/wp\/v2\/tags?post=62045"}],"curies":[{"name":"wp","href":"https:\/\/api.w.org\/{rel}","templated":true}]}}