{"id":62069,"date":"2019-08-18T10:45:50","date_gmt":"2019-08-18T07:45:50","guid":{"rendered":"https:\/\/www.giurgiuveanul.ro\/stiri\/?p=62069"},"modified":"2019-08-19T09:28:26","modified_gmt":"2019-08-19T06:28:26","slug":"minor-s-a-urcat-la-volanul-unui-autoturism-si-acrosat-autoutilitara-parcata-proiectandu-o-intr-un-gard","status":"publish","type":"post","link":"https:\/\/www.giurgiuveanul.ro\/stiri\/minor-s-a-urcat-la-volanul-unui-autoturism-si-acrosat-autoutilitara-parcata-proiectandu-o-intr-un-gard\/","title":{"rendered":"Un minor s-a urcat la volanul unui autoturism \u015fi a acro\u015fat o autoutilitar\u0103 parcat\u0103, proiect\u00e2ndu-o \u00eentr-un gard!"},"content":{"rendered":"<p style=\"text-align: justify;\"><a href=\"https:\/\/www.giurgiuveanul.ro\/stiri\/wp-content\/uploads\/2019\/08\/politia-noaptea-800x600.jpg\"><img loading=\"lazy\" decoding=\"async\" class=\"aligncenter size-large wp-image-62070\" src=\"https:\/\/www.giurgiuveanul.ro\/stiri\/wp-content\/uploads\/2019\/08\/politia-noaptea-800x600-560x420.jpg\" alt=\"politia-noaptea-800x600\" width=\"560\" height=\"420\" srcset=\"https:\/\/www.giurgiuveanul.ro\/stiri\/wp-content\/uploads\/2019\/08\/politia-noaptea-800x600-560x420.jpg 560w, https:\/\/www.giurgiuveanul.ro\/stiri\/wp-content\/uploads\/2019\/08\/politia-noaptea-800x600-250x188.jpg 250w, https:\/\/www.giurgiuveanul.ro\/stiri\/wp-content\/uploads\/2019\/08\/politia-noaptea-800x600-400x300.jpg 400w, https:\/\/www.giurgiuveanul.ro\/stiri\/wp-content\/uploads\/2019\/08\/politia-noaptea-800x600.jpg 800w\" sizes=\"auto, (max-width: 560px) 100vw, 560px\" \/><\/a><strong>Poli\u021bi\u0219tii<!--more--> Sec\u021biei Nr. 5 Poli\u021bie Rural\u0103 Giurgiu au fost sesiza\u021bi, recent, de c\u0103tre un b\u0103rbat, de 64 de ani, din comuna Oinacu, jude\u021bul Giurgiu cu privire la faptul c\u0103 \u00een jurul orelor 4.30, un autoturism care circula pe strada Centurii, din comuna Oinacu, i-a lovit autoutilitara ce se afla parcat\u0103 \u00een fa\u021ba cur\u021bii locuin\u021bei, proiect\u00e2nd-o \u00een gardul vecinilor.<\/strong><\/p>\n<p style=\"text-align: justify;\"><a href=\"https:\/\/www.giurgiuveanul.ro\/stiri\/wp-content\/uploads\/2019\/08\/67955983_2384233101817885_5889287447224778752_n.jpg\"><img loading=\"lazy\" decoding=\"async\" class=\"aligncenter size-large wp-image-62081\" src=\"https:\/\/www.giurgiuveanul.ro\/stiri\/wp-content\/uploads\/2019\/08\/67955983_2384233101817885_5889287447224778752_n-560x420.jpg\" alt=\"67955983_2384233101817885_5889287447224778752_n\" width=\"560\" height=\"420\" srcset=\"https:\/\/www.giurgiuveanul.ro\/stiri\/wp-content\/uploads\/2019\/08\/67955983_2384233101817885_5889287447224778752_n-560x420.jpg 560w, https:\/\/www.giurgiuveanul.ro\/stiri\/wp-content\/uploads\/2019\/08\/67955983_2384233101817885_5889287447224778752_n-250x188.jpg 250w, https:\/\/www.giurgiuveanul.ro\/stiri\/wp-content\/uploads\/2019\/08\/67955983_2384233101817885_5889287447224778752_n-400x300.jpg 400w, https:\/\/www.giurgiuveanul.ro\/stiri\/wp-content\/uploads\/2019\/08\/67955983_2384233101817885_5889287447224778752_n.jpg 640w\" sizes=\"auto, (max-width: 560px) 100vw, 560px\" \/><\/a><\/p>\n<p style=\"text-align: justify;\"><a href=\"https:\/\/www.giurgiuveanul.ro\/stiri\/wp-content\/uploads\/2019\/08\/69150597_1338139189688702_6099892598808248320_n.jpg\"><img loading=\"lazy\" decoding=\"async\" class=\"aligncenter size-large wp-image-62083\" src=\"https:\/\/www.giurgiuveanul.ro\/stiri\/wp-content\/uploads\/2019\/08\/69150597_1338139189688702_6099892598808248320_n-560x420.jpg\" alt=\"69150597_1338139189688702_6099892598808248320_n\" width=\"560\" height=\"420\" srcset=\"https:\/\/www.giurgiuveanul.ro\/stiri\/wp-content\/uploads\/2019\/08\/69150597_1338139189688702_6099892598808248320_n-560x420.jpg 560w, https:\/\/www.giurgiuveanul.ro\/stiri\/wp-content\/uploads\/2019\/08\/69150597_1338139189688702_6099892598808248320_n-250x188.jpg 250w, https:\/\/www.giurgiuveanul.ro\/stiri\/wp-content\/uploads\/2019\/08\/69150597_1338139189688702_6099892598808248320_n-400x300.jpg 400w, https:\/\/www.giurgiuveanul.ro\/stiri\/wp-content\/uploads\/2019\/08\/69150597_1338139189688702_6099892598808248320_n.jpg 640w\" sizes=\"auto, (max-width: 560px) 100vw, 560px\" \/><\/a><\/p>\n<p style=\"text-align: justify;\">\u00cen baza sesiz\u0103rii poli\u021bi\u0219tii Sec\u021biei Nr. 5 Poli\u021bie Rural\u0103 Giurgiu s-au deplasat la fa\u021ba locului, ocazie cu care au constatat c\u0103 aspectele sesizate se confirm\u0103, iar \u00een urma verific\u0103rilor efectuate s-a stabilit faptul c\u0103\u00a0 \u00een\u00a0 diminea\u021ba zilei de 15 august a.c., orelor 3.30, un t\u00e2n\u0103r, de 17 ani, din comuna Oinacu, jude\u021bul Giurgiu a condus un autoturism, pe strada Centurii, \u00een comuna Oinacu, a pierdut controlul acestuia, moment \u00een care, a acro\u0219at autoutilitara ce se afla parcat\u0103 \u00een afara p\u0103r\u021bii carosabile, proiect\u00e2ndu-o \u00een gardul vecinilor.<\/p>\n<p style=\"text-align: justify;\">\u00cen urma verific\u0103rilor, s-a stabilit faptul c\u0103 t\u00e2n\u0103rul \u00een cauz\u0103 nu poseda permis de conducere pentru nicio categorie de vehicule.<\/p>\n<p style=\"text-align: justify;\">Se efectueaz\u0103 cercet\u0103ri sub aspectul s\u0103v\u00e2r\u0219irii infrac\u021biunii de conducere a unui vehicul f\u0103r\u0103 permis de conducere.<\/p>\n","protected":false},"excerpt":{"rendered":"<p>Poli\u021bi\u0219tii<\/p>\n","protected":false},"author":1,"featured_media":0,"comment_status":"open","ping_status":"open","sticky":false,"template":"","format":"standard","meta":{"footnotes":""},"categories":[6],"tags":[],"class_list":["post-62069","post","type-post","status-publish","format-standard","hentry","category-breaking-news"],"_links":{"self":[{"href":"https:\/\/www.giurgiuveanul.ro\/stiri\/wp-json\/wp\/v2\/posts\/62069","targetHints":{"allow":["GET"]}}],"collection":[{"href":"https:\/\/www.giurgiuveanul.ro\/stiri\/wp-json\/wp\/v2\/posts"}],"about":[{"href":"https:\/\/www.giurgiuveanul.ro\/stiri\/wp-json\/wp\/v2\/types\/post"}],"author":[{"embeddable":true,"href":"https:\/\/www.giurgiuveanul.ro\/stiri\/wp-json\/wp\/v2\/users\/1"}],"replies":[{"embeddable":true,"href":"https:\/\/www.giurgiuveanul.ro\/stiri\/wp-json\/wp\/v2\/comments?post=62069"}],"version-history":[{"count":0,"href":"https:\/\/www.giurgiuveanul.ro\/stiri\/wp-json\/wp\/v2\/posts\/62069\/revisions"}],"wp:attachment":[{"href":"https:\/\/www.giurgiuveanul.ro\/stiri\/wp-json\/wp\/v2\/media?parent=62069"}],"wp:term":[{"taxonomy":"category","embeddable":true,"href":"https:\/\/www.giurgiuveanul.ro\/stiri\/wp-json\/wp\/v2\/categories?post=62069"},{"taxonomy":"post_tag","embeddable":true,"href":"https:\/\/www.giurgiuveanul.ro\/stiri\/wp-json\/wp\/v2\/tags?post=62069"}],"curies":[{"name":"wp","href":"https:\/\/api.w.org\/{rel}","templated":true}]}}