{"id":62075,"date":"2019-08-18T17:35:59","date_gmt":"2019-08-18T14:35:59","guid":{"rendered":"https:\/\/www.giurgiuveanul.ro\/stiri\/?p=62075"},"modified":"2019-08-18T17:35:59","modified_gmt":"2019-08-18T14:35:59","slug":"ministerul-afacerilor-externe-atentie-daca-mergeti-in-portugalia","status":"publish","type":"post","link":"https:\/\/www.giurgiuveanul.ro\/stiri\/ministerul-afacerilor-externe-atentie-daca-mergeti-in-portugalia\/","title":{"rendered":"Ministerul Afacerilor Externe: aten\u0163ie&#8230; dac\u0103 merge\u0163i \u00een Portugalia!"},"content":{"rendered":"<p style=\"text-align: justify;\"><a href=\"https:\/\/www.giurgiuveanul.ro\/stiri\/wp-content\/uploads\/2019\/08\/incendii-portugalia.jpg\"><img loading=\"lazy\" decoding=\"async\" class=\"aligncenter size-large wp-image-62076\" src=\"https:\/\/www.giurgiuveanul.ro\/stiri\/wp-content\/uploads\/2019\/08\/incendii-portugalia-560x280.jpg\" alt=\"incendii-portugalia\" width=\"560\" height=\"280\" srcset=\"https:\/\/www.giurgiuveanul.ro\/stiri\/wp-content\/uploads\/2019\/08\/incendii-portugalia-560x280.jpg 560w, https:\/\/www.giurgiuveanul.ro\/stiri\/wp-content\/uploads\/2019\/08\/incendii-portugalia-250x125.jpg 250w, https:\/\/www.giurgiuveanul.ro\/stiri\/wp-content\/uploads\/2019\/08\/incendii-portugalia-400x200.jpg 400w, https:\/\/www.giurgiuveanul.ro\/stiri\/wp-content\/uploads\/2019\/08\/incendii-portugalia.jpg 660w\" sizes=\"auto, (max-width: 560px) 100vw, 560px\" \/><\/a>Ministerul Afacerilor Externe informeaz\u0103 cet\u0103\u021benii rom\u00e2ni<!--more--> care se afl\u0103, tranziteaz\u0103 sau doresc s\u0103 c\u0103l\u0103toreasc\u0103 \u00een Republica Portughez\u0103 c\u0103 Institutul local pentru Mare \u0219i Atmosfer\u0103 (IPMA) a anun\u021bat c\u0103, pe fondul temperaturilor ridicate \u00een perioada 17 &#8211; 20 august 2019, exist\u0103 risc maxim de declan\u0219are a incendiilor de vegeta\u021bie pentru districtele <strong>Bragan\u00e7a, Viseu, Guarda, Castelo Branco, Santarem, Portalegre, Faro, precum \u0219i pentru zonele adiacente acestor districte<\/strong>.<\/p>\n<p style=\"text-align: justify;\">Cet\u0103\u021benii rom\u00e2ni pot solicita asisten\u0163\u0103 consular\u0103 la numerele de telefon ale Ambasadei Rom\u00e2niei la Lisabona: +351.213.968.812, +351.213.979.982, +351.213.966.463, +351.213.960.866, apelurile la ultimele dou\u0103 numere de telefon fiind redirec\u021bionate c\u0103tre Centrul de Contact \u0219i Suport al Cet\u0103\u0163enilor Rom\u00e2ni din Str\u0103in\u0103tate (CCSCRS) \u015fi preluate de c\u0103tre operatorii Call Center, \u00een regim de permanen\u021b\u0103.<\/p>\n<p style=\"text-align: justify;\">De asemenea, cet\u0103\u0163enii rom\u00e2ni care se confrunt\u0103 cu o situa\u0163ie dificil\u0103, special\u0103, cu un caracter de urgen\u0163\u0103, au la dispozi\u0163ie \u015fi telefonul de permanen\u021b\u0103 al misiunii diplomatice a Rom\u00e2niei la Lisabona: +351. 927.411.628.<\/p>\n<p style=\"text-align: justify;\">Ministerul Afacerilor Externe\u00a0 recomand\u0103 consultarea paginilor de Internet\u00a0<a title=\"http:\/\/www.ipma.pt\/pt\/riscoincendio\/rcm.pt\/\" href=\"http:\/\/www.ipma.pt\/pt\/riscoincendio\/rcm.pt\/\" target=\"_blank\">http:\/\/www.ipma.pt\/pt\/riscoincendio\/rcm.pt\/<\/a>,\u00a0<a title=\"http:\/\/lisabona.mae.ro\" href=\"http:\/\/lisabona.mae.ro\/\" target=\"_blank\">http:\/\/lisabona.mae.ro<\/a>,\u00a0<a title=\"www.mae.ro\" href=\"http:\/\/www.mae.ro\/\">www.mae.ro<\/a>, pagina de Facebook a Ambasadei Rom\u00e2niei \u00een Republica Portughez\u0103 \u015fi reaminte\u0219te faptul c\u0103 cet\u0103\u021benii rom\u00e2ni care c\u0103l\u0103toresc \u00een str\u0103in\u0103tate au la dispozi\u021bie aplica\u021bia \u201eC\u0103l\u0103tore\u0219te \u00een siguran\u021b\u0103\u201d (<a title=\"http:\/\/www.mae.ro\/app_cs\" href=\"http:\/\/www.mae.ro\/app_cs\">http:\/\/www.mae.ro\/app_cs<\/a>), care ofer\u0103 informa\u021bii \u015fi sfaturi de c\u0103l\u0103torie.<\/p>\n","protected":false},"excerpt":{"rendered":"<p>Ministerul Afacerilor Externe informeaz\u0103 cet\u0103\u021benii rom\u00e2ni<\/p>\n","protected":false},"author":1,"featured_media":0,"comment_status":"open","ping_status":"open","sticky":false,"template":"","format":"standard","meta":{"footnotes":""},"categories":[6],"tags":[],"class_list":["post-62075","post","type-post","status-publish","format-standard","hentry","category-breaking-news"],"_links":{"self":[{"href":"https:\/\/www.giurgiuveanul.ro\/stiri\/wp-json\/wp\/v2\/posts\/62075","targetHints":{"allow":["GET"]}}],"collection":[{"href":"https:\/\/www.giurgiuveanul.ro\/stiri\/wp-json\/wp\/v2\/posts"}],"about":[{"href":"https:\/\/www.giurgiuveanul.ro\/stiri\/wp-json\/wp\/v2\/types\/post"}],"author":[{"embeddable":true,"href":"https:\/\/www.giurgiuveanul.ro\/stiri\/wp-json\/wp\/v2\/users\/1"}],"replies":[{"embeddable":true,"href":"https:\/\/www.giurgiuveanul.ro\/stiri\/wp-json\/wp\/v2\/comments?post=62075"}],"version-history":[{"count":0,"href":"https:\/\/www.giurgiuveanul.ro\/stiri\/wp-json\/wp\/v2\/posts\/62075\/revisions"}],"wp:attachment":[{"href":"https:\/\/www.giurgiuveanul.ro\/stiri\/wp-json\/wp\/v2\/media?parent=62075"}],"wp:term":[{"taxonomy":"category","embeddable":true,"href":"https:\/\/www.giurgiuveanul.ro\/stiri\/wp-json\/wp\/v2\/categories?post=62075"},{"taxonomy":"post_tag","embeddable":true,"href":"https:\/\/www.giurgiuveanul.ro\/stiri\/wp-json\/wp\/v2\/tags?post=62075"}],"curies":[{"name":"wp","href":"https:\/\/api.w.org\/{rel}","templated":true}]}}