{"id":62078,"date":"2019-08-19T09:14:14","date_gmt":"2019-08-19T06:14:14","guid":{"rendered":"https:\/\/www.giurgiuveanul.ro\/stiri\/?p=62078"},"modified":"2019-08-19T09:14:14","modified_gmt":"2019-08-19T06:14:14","slug":"reinceput-dezinsectia-aeriana-foto","status":"publish","type":"post","link":"https:\/\/www.giurgiuveanul.ro\/stiri\/reinceput-dezinsectia-aeriana-foto\/","title":{"rendered":"A re\u00eenceput dezinsec\u0163ia aerian\u0103! (FOTO)"},"content":{"rendered":"<p style=\"text-align: justify;\"><strong><a href=\"https:\/\/www.giurgiuveanul.ro\/stiri\/wp-content\/uploads\/2019\/08\/IMG_7949-2.jpg\"><img loading=\"lazy\" decoding=\"async\" class=\"aligncenter size-large wp-image-62079\" src=\"https:\/\/www.giurgiuveanul.ro\/stiri\/wp-content\/uploads\/2019\/08\/IMG_7949-2-560x380.jpg\" alt=\"IMG_7949-2\" width=\"560\" height=\"380\" srcset=\"https:\/\/www.giurgiuveanul.ro\/stiri\/wp-content\/uploads\/2019\/08\/IMG_7949-2-560x380.jpg 560w, https:\/\/www.giurgiuveanul.ro\/stiri\/wp-content\/uploads\/2019\/08\/IMG_7949-2-250x170.jpg 250w, https:\/\/www.giurgiuveanul.ro\/stiri\/wp-content\/uploads\/2019\/08\/IMG_7949-2-400x272.jpg 400w, https:\/\/www.giurgiuveanul.ro\/stiri\/wp-content\/uploads\/2019\/08\/IMG_7949-2.jpg 800w\" sizes=\"auto, (max-width: 560px) 100vw, 560px\" \/><\/a>Pentru combaterea<!--more--> insectelor d\u0103un\u0103toare (\u021b\u00e2n\u021bari, c\u0103pu\u0219e, etc) Giurgiu Servicii Publice, va organiza la finalul activit\u0103\u021bilor de dezinsec\u021bie terestr\u0103, \u0219i ac\u021biuni de pulverizare aerian\u0103(etapa a-III-a).<\/strong><\/p>\n<p style=\"text-align: justify;\">Astfel, \u00een perioada <strong>16-26 august 2019<\/strong>, \u00een intervalele orare <strong>06.00-10.30 \u0219i 19.00-21.00<\/strong>, pe o suprafa\u021b\u0103 de 1.500 ha din aria administrativ teritorial\u0103 a municipiului Giurgiu <em>(intravilan \u0219i extravilan)<\/em> se vor executa ac\u021biuni de pulverizare aerian\u0103 <em>(etapa a- III-a)<\/em>, de dezinsec\u021bie pentru combaterea insectelor d\u0103un\u0103toare.Aceste opera\u021biuni de dezinsec\u021bie vor fi efectuate numai \u00een cazul \u00een care condi\u021biile meteorologice permit acest lucru, altfel ac\u021biunea va fi reprogramat\u0103.<\/p>\n<p style=\"text-align: justify;\"><em>&#8222;Preciz\u0103m c\u0103 \u00een conformitate cu prevederile Ordinului Ministerul Mediului nr.68\/1992 privind unele m\u0103suri pentru protec\u021bia familiilor de albine \u00eempotriva intoxica\u021biilor cu pesticide, cu cel pu\u021bin 7 zile \u00eenainte de \u00eenceperea tratamentului, asocia\u021biile cresc\u0103torilor de albine vor fi anun\u021bate \u00een scris cu privire la data \u00eenceperii \u0219i durata tratamentului, astfel \u00eenc\u00e2t ace\u0219tia s\u0103 poat\u0103 proteja familiile de albine prin \u00eenchiderea stupilor \u00een intervale de timp c\u00e2t mai reduse cu putin\u021b\u0103, \u00een caz contrar, Prim\u0103ria Municipiului Giurgiu \u0219i Giurgiu Servicii Publice, sunt absolvite de orice responsabilitate&#8221;<\/em>, se arat\u0103 \u00een comunicatul Prim\u0103riei Municipiului Giurgiu.<\/p>\n<p style=\"text-align: justify;\">Pentru dezinsec\u021bia aerian\u0103 se va folosi SOLFAC TRIO EC 200, substan\u021b\u0103 activ\u0103 CYPERMETHRIN 47,89 g\/l(5%), TETRAMETHIN 23,69 g\/l(2,5%) \u0219i PIPERONIL BUTOXID 115,88 g\/l(12,5%), omologat\u0103 de Ministerul S\u0103n\u0103t\u0103\u021bii, aceasta aplic\u00e2ndu-se cu respectarea prevederilor legale de protec\u021bie a mediului, a s\u0103n\u0103t\u0103\u021bii \u0219i securit\u0103\u021bii popula\u021biei.<\/p>\n<p style=\"text-align: justify;\">Dup\u0103 finalizarea acestei activit\u0103\u021bi, de la nivelul solului se va ac\u021biona cu PESTSTOP PERM 25 CS, substan\u021ba activ\u0103 PERMETRIN\u0102 250 g\/l(23,6%), urm\u00e2nd a fi aplicat\u0103 prin pulverizare cu aparate portabile(termonebulizatoare), cu respectarea prevederilor legale de protec\u021bie a mediului, a s\u0103n\u0103t\u0103\u021bii \u0219i securit\u0103\u021bii popula\u021biei.Ac\u021biunea de dezinsec\u021bie terestr\u0103 se va incheia pe data de 30.08.2019.<\/p>\n","protected":false},"excerpt":{"rendered":"<p>Pentru combaterea<\/p>\n","protected":false},"author":1,"featured_media":0,"comment_status":"open","ping_status":"open","sticky":false,"template":"","format":"standard","meta":{"footnotes":""},"categories":[6],"tags":[],"class_list":["post-62078","post","type-post","status-publish","format-standard","hentry","category-breaking-news"],"_links":{"self":[{"href":"https:\/\/www.giurgiuveanul.ro\/stiri\/wp-json\/wp\/v2\/posts\/62078","targetHints":{"allow":["GET"]}}],"collection":[{"href":"https:\/\/www.giurgiuveanul.ro\/stiri\/wp-json\/wp\/v2\/posts"}],"about":[{"href":"https:\/\/www.giurgiuveanul.ro\/stiri\/wp-json\/wp\/v2\/types\/post"}],"author":[{"embeddable":true,"href":"https:\/\/www.giurgiuveanul.ro\/stiri\/wp-json\/wp\/v2\/users\/1"}],"replies":[{"embeddable":true,"href":"https:\/\/www.giurgiuveanul.ro\/stiri\/wp-json\/wp\/v2\/comments?post=62078"}],"version-history":[{"count":0,"href":"https:\/\/www.giurgiuveanul.ro\/stiri\/wp-json\/wp\/v2\/posts\/62078\/revisions"}],"wp:attachment":[{"href":"https:\/\/www.giurgiuveanul.ro\/stiri\/wp-json\/wp\/v2\/media?parent=62078"}],"wp:term":[{"taxonomy":"category","embeddable":true,"href":"https:\/\/www.giurgiuveanul.ro\/stiri\/wp-json\/wp\/v2\/categories?post=62078"},{"taxonomy":"post_tag","embeddable":true,"href":"https:\/\/www.giurgiuveanul.ro\/stiri\/wp-json\/wp\/v2\/tags?post=62078"}],"curies":[{"name":"wp","href":"https:\/\/api.w.org\/{rel}","templated":true}]}}