{"id":62085,"date":"2019-08-19T09:36:26","date_gmt":"2019-08-19T06:36:26","guid":{"rendered":"https:\/\/www.giurgiuveanul.ro\/stiri\/?p=62085"},"modified":"2019-08-19T09:38:37","modified_gmt":"2019-08-19T06:38:37","slug":"venit-timpul","status":"publish","type":"post","link":"https:\/\/www.giurgiuveanul.ro\/stiri\/venit-timpul\/","title":{"rendered":"A venit timpul"},"content":{"rendered":"<p style=\"text-align: right;\"><strong><a href=\"https:\/\/www.giurgiuveanul.ro\/stiri\/wp-content\/uploads\/2019\/08\/Liceul-Maiorescu.jpg\"><img loading=\"lazy\" decoding=\"async\" class=\"aligncenter size-large wp-image-62086\" src=\"https:\/\/www.giurgiuveanul.ro\/stiri\/wp-content\/uploads\/2019\/08\/Liceul-Maiorescu-560x337.jpg\" alt=\"Liceul-Maiorescu\" width=\"560\" height=\"337\" srcset=\"https:\/\/www.giurgiuveanul.ro\/stiri\/wp-content\/uploads\/2019\/08\/Liceul-Maiorescu-560x337.jpg 560w, https:\/\/www.giurgiuveanul.ro\/stiri\/wp-content\/uploads\/2019\/08\/Liceul-Maiorescu-250x150.jpg 250w, https:\/\/www.giurgiuveanul.ro\/stiri\/wp-content\/uploads\/2019\/08\/Liceul-Maiorescu-400x241.jpg 400w, https:\/\/www.giurgiuveanul.ro\/stiri\/wp-content\/uploads\/2019\/08\/Liceul-Maiorescu.jpg 800w\" sizes=\"auto, (max-width: 560px) 100vw, 560px\" \/><\/a>MOTTO:<!--more--> &#8222;Vis \u015fi umbr\u0103 s\u00e2ntu toate,<\/strong><\/p>\n<p style=\"text-align: right;\"><strong>Glasuri\u00a0 \u015fi p\u0103rere&#8230; &#8221; &#8211; Miron Costin<\/strong><\/p>\n<p style=\"text-align: justify;\">Anul acesta am ezitat mult asupra datei de \u00eent\u00e2lnire, pentru c\u0103 am meditat f\u0103r\u0103 rezolvare asupra a ceea ce vrem s\u0103 facem cu prilejul revederii dup\u0103 65 de ani!, ba, mai mult, ne-am pus \u00eentrebarea dac\u0103 ne mai \u00eent\u00e2lnim sau ne mul\u0163umim s\u0103 st\u0103m fiecare la casa lui!<\/p>\n<p style=\"text-align: justify;\">Noi, cei care, cu mai mul\u0163i ani \u00een urm\u0103, am hot\u00e2r\u0103t s\u0103 ne \u00eent\u00e2lnim \u00een fiecare an, s\u0103 d\u0103m fiec\u0103rei \u00eent\u00e2lniri un sens, de unde grija de a face totul dup\u0103 un program serios, de a face ceea ce nu s-a mai f\u0103cut, ceva care s\u0103 r\u0103m\u00e2n\u0103!<\/p>\n<p style=\"text-align: justify;\">C\u00e2nd am hot\u0103r\u00e2t ca fiecare \u00eent\u00e2lnire a noastr\u0103, asta cu mul\u0163i ani \u00een urm\u0103. s\u0103 fie tematic\u0103, tema pe care am discutat-o a fost TIMPUL!<\/p>\n<p style=\"text-align: justify;\">Ideea ne-a venit de la gazelul lui George Co\u015fbuc LUPTA VIE\u0162II, din Fire de tort, 1894.<\/p>\n<p style=\"text-align: justify;\">De\u015fi la origini gazelul c\u00e2nta dragostea \u015fi vinul, Co\u015fbuc i-a dat\u00a0 semnifica\u0163ii \u00een plus: via\u0163a ca lupt\u0103 . Lupt\u0103 cu tine \u00eensu\u0163i, lupt\u0103 cu cei din jurul t\u0103u \u015fi, nu \u00een ultimul r\u00e2nd, cu \u00eemprejur\u0103rile \u00een care \u00ee\u0163i este dat s\u0103 tr\u0103ie\u015fti \u015fi, ad\u0103ug\u0103m noi, cu TIMPUL<\/p>\n<p style=\"text-align: justify;\">Zicem despre un copil<em>:- i-a venit tmpul s\u0103 mearg\u0103 la \u015fcoal\u0103<\/em>,despre un t\u00e2n\u0103r<em>, i-a venit timpul s\u0103 mearg\u0103 la armat\u0103<\/em>, sau despre o fat\u0103<em>, i-a venit timpul s\u0103 se m\u0103rite<\/em>,<\/p>\n<p style=\"text-align: justify;\">De ce zise toate astea?<\/p>\n<p style=\"text-align: justify;\">Din dialogul colegului nostru din Giurgiu,Ion Ghimpe\u0163eanu, responsabil de c\u00e2\u0163iva ani buni cu mobilizarea noastr\u0103 pentru asemenea evenimente, am aflat c\u0103 &#8230; a sosit timpul s\u0103 ne ast\u00e2mp\u0103r\u0103m!<\/p>\n<p style=\"text-align: justify;\">93 am fost la absolvire. Am fost o promo\u0163ie orgolioas\u0103!Prin vocea colegilor Silviu Beizdadea, a fra\u0163ilor Tudor, Silviu \u015fi Ion,Ic\u0103 Pieleanu, a lui Gigi Sl\u0103tineanu, Petric\u0103 Ionescu ne-a pl\u0103cut s\u0103 ne zicem <em>genera\u0163ia de aur!<\/em><\/p>\n<p style=\"text-align: justify;\">\u00a0A venit timpul ca, uit\u00e2ndu-ne \u00eenapoi, nostalgic dar nu cu m\u00e2nie, s\u0103 ne \u00eentreb\u0103m ce l\u0103s\u0103m \u00een urma noastr\u0103.<\/p>\n<p style=\"text-align: justify;\">Din \u00eent\u00e2lnirile noastre tematice, prin care am \u00eencercat s\u0103 l\u0103s\u0103m ceva \u00een urma noastr\u0103, ceva ce nu s-a mai f\u0103cut, trei lucruri merit\u00e2 a le aminti: <strong>Scrisoare c\u0103tre viitor,<\/strong> o carte prin care ne-am autodefinit , <strong>VIA\u0162A , A\u015eA CUM A FOST<\/strong>,\u015fi revista <strong>anoTIMPURI<\/strong>.<\/p>\n<p style=\"text-align: justify;\">Ceea ce au comun aceste trei lucruri, sau cel pu\u0163in a\u015fa le.am g\u00e2ndit noi, este DIALOGUL \u00ceNTRE GENERA\u0162II,\u00eentre genera\u0163ia noastr\u0103, cele care ne-au urmat \u015fi cele care vor mai fi p\u00e2n\u0103 \u00een anul 2069, an \u00een care liceul pe care noi l-am absolvit va \u00eemplini 200 de ani de existen\u0163\u0103! Temerari, sper\u0103m ca INV\u0102\u0162\u0102M\u00c2NTULs\u0103 se desf\u0103\u015foare \u015fi atunci sub forma de ast\u0103zi, dac\u0103 nu cumva , vreuna dintre promo\u0163iile viitoare nu va organiza revederea, prin teleportare, pe alt\u0103 planet\u0103 sau \u00eentr-un univers paralel!!<\/p>\n<p style=\"text-align: justify;\">Am citit undeva: \u00cen viitor, societatea\u00a0\u201eva merge chiar at\u00e2t de departe, \u00eenc\u00e2t s\u0103 disocieze reproducerea \u0219i sexualitatea. Sexualitatea va fi \u00eemp\u0103r\u0103\u021bia pl\u0103cerii, reproducerea &#8211; o ma\u0219in\u0103rie\u201d.<\/p>\n<p style=\"text-align: justify;\">Genera\u021biile viitoare\u00a0\u201evor fabrica fiin\u021ba uman\u0103 ca pe un artefact f\u0103cut la comand\u0103, \u00eentr-un uter artificial, ceea ce va permite creierului s\u0103\u00a0 se dezvolte \u00een continuare cu caracteristici alese \u00een avans. Fiin\u021ba uman\u0103 va deveni astfel un obiect comercial\u201d. \u201eO scurt\u0103 istorie a viitorului\u201d, de Jacques Attali, francez de origine evreiasc\u0103.<\/p>\n<p style=\"text-align: justify;\">\u00a0Citind aceste lucruri, m-am \u00centrebat: &#8211; Nebunie, vis de co\u015fmar, previziune \u015ftiin\u0163ific\u0103, literatur\u0103 SF ? \u00cen\u0163elegem bine spre ce ne \u00eendrept\u0103m?<\/p>\n<p style=\"text-align: justify;\">Desigur c\u0103 nu pentru a afla r\u0103spuns unor asemenea tulbur\u0103toare \u00eentreb\u0103ri am scris aceste r\u00e2nduri!<\/p>\n<p style=\"text-align: justify;\">\u00a0\u00cemi pun totu\u015fi \u00eentrebarea:- A SOSIT TIMPUL?<\/p>\n<p style=\"text-align: justify;\">Ave\u0163i timp s\u0103 g\u00e2ndi\u0163i un eventual r\u0103spuns UN AN DE ZILE!<\/p>\n<p style=\"text-align: justify;\"><a href=\"https:\/\/www.giurgiuveanul.ro\/stiri\/wp-content\/uploads\/2019\/08\/remedii-naturiste-liliac0.jpg\"><img loading=\"lazy\" decoding=\"async\" class=\"aligncenter size-large wp-image-62087\" src=\"https:\/\/www.giurgiuveanul.ro\/stiri\/wp-content\/uploads\/2019\/08\/remedii-naturiste-liliac0-550x450.jpg\" alt=\"remedii-naturiste-liliac0\" width=\"550\" height=\"450\" srcset=\"https:\/\/www.giurgiuveanul.ro\/stiri\/wp-content\/uploads\/2019\/08\/remedii-naturiste-liliac0-550x450.jpg 550w, https:\/\/www.giurgiuveanul.ro\/stiri\/wp-content\/uploads\/2019\/08\/remedii-naturiste-liliac0-250x205.jpg 250w, https:\/\/www.giurgiuveanul.ro\/stiri\/wp-content\/uploads\/2019\/08\/remedii-naturiste-liliac0-400x328.jpg 400w\" sizes=\"auto, (max-width: 550px) 100vw, 550px\" \/><\/a><\/p>\n<p style=\"text-align: justify;\"><strong><span style=\"text-decoration: underline;\">Giurgiu, \u00een zi de joi, 29 august 2019, ora 10,00. Revedere dup\u0103 65 de ani de la absolvirea liceului &#8222;<em>Ion Maiorescu&#8221;<\/em>, a Promo\u0163iei 1954, cu 11 clase.<\/span><\/strong><\/p>\n<p style=\"text-align: justify;\"><span style=\"text-decoration: underline;\">Not\u0103:<\/span> Absolventele Vlada Andreea, Soare Ioana, Ghizd\u0103reanu Alexandra, acum studente, profesorii \u00een activitate Elisabeta Ciolacu \u015fi Mugurel Burcescu, oameni cu care promo\u0163ia noastr\u0103 a \u00eencheiat o \u00een\u0163elegere cu mandatare de a continua dialogul \u015fi de a scoate peste 10 ani, \u015fi apoi din 10 \u00een 10 ani p\u00e2n\u0103 \u00een 2069, revista anoTIMPURI care, \u00een imagina\u0163ia noastr\u0103, ar trebui s\u0103 ofere celor din anul 2069 posibilitatea de a vedea cum a evoluat societatea \u00eentr-un timp parc\u0103\u00a0 prea gr\u0103bit, au fost invita\u0163i la o poz\u0103 de grup.!<\/p>\n<p style=\"text-align: justify;\">\u00cen semn de pre\u0163uire, dar \u015fi ca \u00eencurajare \u015fi \u00eendemn pentru promo\u0163iile care vin de a p\u0103stra tradi\u0163ia revederilor periodice nu pentru mese bogate \u015fi b\u0103utur\u0103 dindestul, ci ca prilej de raportare la timpul pe care-l tr\u0103iesc, facem publice aceste \u00eensemn\u0103ri!<\/p>\n<p style=\"text-align: justify;\"><em>Prof. Gh.Calot\u0103, Br\u0103ila. elev al Maiorescului, promo\u0163ia 1954, cu 11 clase,\u00a0 din prima banc\u0103 de la perete \u00een a doua sal\u0103 de la etaj dinspre Calea Bucure\u015fti.<\/em><\/p>\n<p style=\"text-align: justify;\"><strong>Foto:<\/strong><\/p>\n<p style=\"text-align: justify;\"><strong>1 Liceul &#8222;Ion Maiorescu&#8221;<\/strong><\/p>\n<p style=\"text-align: justify;\"><strong>2 Flori de liliac cump\u0103rate din pia\u0163\u0103&#8230; Oferite de elevii Calot\u0103 Gheorghe \u015fi Silviu Beizdadea, din clasa a IX-a A \u00een iunie 1951, profesorului de limba rom\u00e2n\u0103 Marin Anghelescu. Emo\u0163ionat, profesorul nostru a l\u0103crimat. Era prima oar\u0103 c\u00e2nd, dup\u0103 r\u0103zboi, primea flori de la elevi!<\/strong><\/p>\n<p style=\"text-align: justify;\"><strong>\u00a0<\/strong><\/p>\n<p style=\"text-align: center;\"><strong><span style=\"text-decoration: underline;\">INVITA\u0162IE<\/span><\/strong><strong>\u00a0<\/strong><\/p>\n<p style=\"text-align: center;\"><strong><em>Absolventele Vlada Andreea, Soare Ioana, Ghizd\u0103reanu Alexandra,<\/em><\/strong><\/p>\n<p style=\"text-align: center;\"><strong><em>acum studente,<\/em><\/strong><\/p>\n<p style=\"text-align: center;\"><strong><em>profesorii \u00een activitate Elisabeta Ciolacu \u015fi Mugurel Burcescu<\/em><\/strong><\/p>\n<p style=\"text-align: center;\"><strong><em>sunt \u00eenvita\u0163i <span style=\"text-decoration: underline;\">joi, 29 august 2019, ora 10,00,<\/span><\/em><\/strong><\/p>\n<p style=\"text-align: center;\"><strong><em><span style=\"text-decoration: underline;\">\u00a0\u00een fa\u0163a Colegiului Na\u0163ional &#8222;Ion Maiorescu&#8221; Giurgiu<\/span><\/em><\/strong><\/p>\n<p style=\"text-align: center;\"><strong><em><span style=\"text-decoration: underline;\">pentru O POZ\u0102 DE GRUP<\/span><\/em><\/strong><\/p>\n<p style=\"text-align: center;\"><strong><em><span style=\"text-decoration: underline;\">cu prilejul revederii dup\u0103 65 de ani de la absolvire a \u00a0Promo\u0163iei 1954, cu 11 clase.<\/span><\/em><\/strong><\/p>\n","protected":false},"excerpt":{"rendered":"<p>MOTTO:<\/p>\n","protected":false},"author":1,"featured_media":0,"comment_status":"open","ping_status":"open","sticky":false,"template":"","format":"standard","meta":{"footnotes":""},"categories":[21],"tags":[],"class_list":["post-62085","post","type-post","status-publish","format-standard","hentry","category-opinia-mea"],"_links":{"self":[{"href":"https:\/\/www.giurgiuveanul.ro\/stiri\/wp-json\/wp\/v2\/posts\/62085","targetHints":{"allow":["GET"]}}],"collection":[{"href":"https:\/\/www.giurgiuveanul.ro\/stiri\/wp-json\/wp\/v2\/posts"}],"about":[{"href":"https:\/\/www.giurgiuveanul.ro\/stiri\/wp-json\/wp\/v2\/types\/post"}],"author":[{"embeddable":true,"href":"https:\/\/www.giurgiuveanul.ro\/stiri\/wp-json\/wp\/v2\/users\/1"}],"replies":[{"embeddable":true,"href":"https:\/\/www.giurgiuveanul.ro\/stiri\/wp-json\/wp\/v2\/comments?post=62085"}],"version-history":[{"count":0,"href":"https:\/\/www.giurgiuveanul.ro\/stiri\/wp-json\/wp\/v2\/posts\/62085\/revisions"}],"wp:attachment":[{"href":"https:\/\/www.giurgiuveanul.ro\/stiri\/wp-json\/wp\/v2\/media?parent=62085"}],"wp:term":[{"taxonomy":"category","embeddable":true,"href":"https:\/\/www.giurgiuveanul.ro\/stiri\/wp-json\/wp\/v2\/categories?post=62085"},{"taxonomy":"post_tag","embeddable":true,"href":"https:\/\/www.giurgiuveanul.ro\/stiri\/wp-json\/wp\/v2\/tags?post=62085"}],"curies":[{"name":"wp","href":"https:\/\/api.w.org\/{rel}","templated":true}]}}