{"id":62091,"date":"2019-08-19T09:58:04","date_gmt":"2019-08-19T06:58:04","guid":{"rendered":"https:\/\/www.giurgiuveanul.ro\/stiri\/?p=62091"},"modified":"2019-08-19T09:58:04","modified_gmt":"2019-08-19T06:58:04","slug":"noua-ordonanta-in-justitie","status":"publish","type":"post","link":"https:\/\/www.giurgiuveanul.ro\/stiri\/noua-ordonanta-in-justitie\/","title":{"rendered":"O nou\u0103 ordonan\u0163\u0103 \u00een justi\u0163ie"},"content":{"rendered":"<p style=\"text-align: justify;\"><a href=\"https:\/\/www.giurgiuveanul.ro\/stiri\/wp-content\/uploads\/2019\/08\/Guvern-Dancila-1000x600.jpg\"><img loading=\"lazy\" decoding=\"async\" class=\"aligncenter size-large wp-image-62092\" src=\"https:\/\/www.giurgiuveanul.ro\/stiri\/wp-content\/uploads\/2019\/08\/Guvern-Dancila-1000x600-560x336.jpg\" alt=\"Guvern-Dancila-1000x600\" width=\"560\" height=\"336\" srcset=\"https:\/\/www.giurgiuveanul.ro\/stiri\/wp-content\/uploads\/2019\/08\/Guvern-Dancila-1000x600-560x336.jpg 560w, https:\/\/www.giurgiuveanul.ro\/stiri\/wp-content\/uploads\/2019\/08\/Guvern-Dancila-1000x600-250x150.jpg 250w, https:\/\/www.giurgiuveanul.ro\/stiri\/wp-content\/uploads\/2019\/08\/Guvern-Dancila-1000x600-400x240.jpg 400w, https:\/\/www.giurgiuveanul.ro\/stiri\/wp-content\/uploads\/2019\/08\/Guvern-Dancila-1000x600.jpg 1000w\" sizes=\"auto, (max-width: 560px) 100vw, 560px\" \/><\/a>Premierul\u00a0Viorica D\u0103ncil\u0103<!--more--> a anuntat ca, \u00een ultima saptamana din luna august,\u00a0Guvernul<strong>\u00a0<\/strong>va lua o serie de masuri legate de inasprirea pedepselor pentru criminali si violatori, in contextul cazului de la Caracal. \u201e<em>Am spus ca nu mai intervin in justitie si nu mai vreau sa dau prin OUG decizii care tin de justitie, dar cred ca e reparatie morala sa avem inchisoare pe viata pentru crime si pedepse aspre pentru violatori. Am spus ca voi face si voi face\u201d<\/em>, a declarat Viorica Dancila.<\/p>\n<p style=\"text-align: justify;\">Intrebata cand va emite Executivul ordonanta de urgenta,\u00a0Dancila<strong>\u00a0<\/strong>a spus ca masurile vor fi luate in ultima saptamana din luna august.<\/p>\n<p style=\"text-align: justify;\">\u201e<em>Am spus ca vin cu OUG care sa reglementeze anumite lucruri care au condus la o intarziere sau functionare nu tocmai buna a unor interventii. Ma refer a 112, in cadrul unui grup de lucru avem 14 masuri, oug pregatite, masuri din partea ministerului de Interne si a ministerului Justitiei. Le vom adopta in sedinta de Guvern, urmand ca Parlamentul sa ia act<\/em>\u201d, a mai spus premierul.<\/p>\n","protected":false},"excerpt":{"rendered":"<p>Premierul\u00a0Viorica D\u0103ncil\u0103<\/p>\n","protected":false},"author":1,"featured_media":0,"comment_status":"open","ping_status":"open","sticky":false,"template":"","format":"standard","meta":{"footnotes":""},"categories":[6],"tags":[],"class_list":["post-62091","post","type-post","status-publish","format-standard","hentry","category-breaking-news"],"_links":{"self":[{"href":"https:\/\/www.giurgiuveanul.ro\/stiri\/wp-json\/wp\/v2\/posts\/62091","targetHints":{"allow":["GET"]}}],"collection":[{"href":"https:\/\/www.giurgiuveanul.ro\/stiri\/wp-json\/wp\/v2\/posts"}],"about":[{"href":"https:\/\/www.giurgiuveanul.ro\/stiri\/wp-json\/wp\/v2\/types\/post"}],"author":[{"embeddable":true,"href":"https:\/\/www.giurgiuveanul.ro\/stiri\/wp-json\/wp\/v2\/users\/1"}],"replies":[{"embeddable":true,"href":"https:\/\/www.giurgiuveanul.ro\/stiri\/wp-json\/wp\/v2\/comments?post=62091"}],"version-history":[{"count":0,"href":"https:\/\/www.giurgiuveanul.ro\/stiri\/wp-json\/wp\/v2\/posts\/62091\/revisions"}],"wp:attachment":[{"href":"https:\/\/www.giurgiuveanul.ro\/stiri\/wp-json\/wp\/v2\/media?parent=62091"}],"wp:term":[{"taxonomy":"category","embeddable":true,"href":"https:\/\/www.giurgiuveanul.ro\/stiri\/wp-json\/wp\/v2\/categories?post=62091"},{"taxonomy":"post_tag","embeddable":true,"href":"https:\/\/www.giurgiuveanul.ro\/stiri\/wp-json\/wp\/v2\/tags?post=62091"}],"curies":[{"name":"wp","href":"https:\/\/api.w.org\/{rel}","templated":true}]}}