{"id":62097,"date":"2019-08-19T15:49:24","date_gmt":"2019-08-19T12:49:24","guid":{"rendered":"https:\/\/www.giurgiuveanul.ro\/stiri\/?p=62097"},"modified":"2019-08-19T17:56:14","modified_gmt":"2019-08-19T14:56:14","slug":"cand-incepe-pana-la-urma-scoala","status":"publish","type":"post","link":"https:\/\/www.giurgiuveanul.ro\/stiri\/cand-incepe-pana-la-urma-scoala\/","title":{"rendered":"C\u00e2nd \u00eencepe, p\u00e2n\u0103 la urm\u0103, \u0219coala"},"content":{"rendered":"<p style=\"text-align: justify;\"><a href=\"https:\/\/www.giurgiuveanul.ro\/stiri\/wp-content\/uploads\/2019\/08\/8761_600x315_2.jpg\"><img loading=\"lazy\" decoding=\"async\" class=\"aligncenter size-large wp-image-62098\" src=\"https:\/\/www.giurgiuveanul.ro\/stiri\/wp-content\/uploads\/2019\/08\/8761_600x315_2-560x294.jpg\" alt=\"8761_600x315_2\" width=\"560\" height=\"294\" srcset=\"https:\/\/www.giurgiuveanul.ro\/stiri\/wp-content\/uploads\/2019\/08\/8761_600x315_2-560x294.jpg 560w, https:\/\/www.giurgiuveanul.ro\/stiri\/wp-content\/uploads\/2019\/08\/8761_600x315_2-250x131.jpg 250w, https:\/\/www.giurgiuveanul.ro\/stiri\/wp-content\/uploads\/2019\/08\/8761_600x315_2-400x210.jpg 400w, https:\/\/www.giurgiuveanul.ro\/stiri\/wp-content\/uploads\/2019\/08\/8761_600x315_2.jpg 720w\" sizes=\"auto, (max-width: 560px) 100vw, 560px\" \/><\/a><strong>Cursurile noului an \u015fcolar 2019 &#8211; 2020 vor \u00eencepe pe data de<!--more--> 9 septembrie, a decis joi ministrul interimar al Educa\u0163iei, Daniel Breaz.<\/strong><br \/>\n<em>&#8222;\u00cen urma solicit\u0103rii prim-ministrului Viorica D\u0103ncil\u0103, adresat\u0103 ministrului Educa\u0163iei Na\u0163ionale, de a stabili data \u00eenceperii noului an \u015fcolar prin consultarea tuturor p\u0103r\u0163ilor implicate, ministrul interimar al Educa\u0163iei, Valer-Daniel Breaz, a decis ca prima zi de cursuri din anul \u015fcolar 2019 &#8211; 2020 s\u0103 fie luni, 9 septembrie. Decizia a fost luat\u0103 ca urmare a discu\u0163iilor purtate \u00eentre reprezentan\u0163ii Ministerului Educa\u0163iei Na\u0163ionale \u015fi partenerii s\u0103i de dialog social&#8221;<\/em>, se arat\u0103 \u00eentr-un comunicat al MEN.<\/p>\n<p>Semestrul I va \u00eencepe pe 9 septembrie \u015fi se va \u00eencheia pe 20 decembrie 2019, iar semestrul al II-lea va \u00eencepe pe data de 13 ianuarie \u015fi se va \u00eencheia pe 12 iunie 2020, cursurile fiind dispuse pe durata a 35 de s\u0103pt\u0103m\u00e2ni.<br \/>\n<strong>\u00a0<\/strong>Vacan\u0163ele elevilor din toate ciclurile de \u00eenv\u0103\u0163\u0103m\u00e2nt sunt programate astfel:<br \/>\n<strong>* vacan\u0163a de iarn\u0103 &#8211; 21 decembrie 2019 &#8211; 12 ianuarie 2020;<\/strong><br \/>\n<strong> * vacan\u0163a de prim\u0103var\u0103 &#8211; 4 aprilie &#8211; 21 aprilie 2020;<\/strong><br \/>\n<strong> * vacan\u0163a de var\u0103 &#8211; 13 iunie &#8211; data din septembrie 2020 la care vor \u00eencepe cursurile anului \u015fcolar 2020 &#8211; 2021.<\/strong><\/p>\n<p>Clasele din \u00eenv\u0103\u0163\u0103m\u00e2ntul primar \u015fi grupele din \u00eenv\u0103\u0163\u0103m\u00e2ntul pre\u015fcolar beneficiaz\u0103 de vacan\u0163\u0103 \u00een s\u0103pt\u0103m\u00e2na 26 octombrie &#8211; 3 noiembrie 2019.<br \/>\nPentru clasele a XII-a zi, a XIII-a seral \u015fi frecven\u0163\u0103 redus\u0103, anul \u015fcolar se \u00eencheie \u00een data de 29 mai 2020, iar pentru clasa a VIII-a &#8211; \u00een data de 5 iunie 2020.<br \/>\nPentru clasele din \u00eenv\u0103\u0163\u0103m\u00e2ntul liceal &#8211; filiera tehnologic\u0103, cu excep\u0163ia claselor mai sus-men\u0163ionate, \u015fi pentru clasele din \u00eenv\u0103\u0163\u0103m\u00e2ntul profesional, anul \u015fcolar are 37 de s\u0103pt\u0103m\u00e2ni de cursuri.<\/p>\n","protected":false},"excerpt":{"rendered":"<p>Cursurile noului an \u015fcolar 2019 &#8211; 2020 vor \u00eencepe pe data de<\/p>\n","protected":false},"author":1,"featured_media":0,"comment_status":"open","ping_status":"open","sticky":false,"template":"","format":"standard","meta":{"footnotes":""},"categories":[6],"tags":[],"class_list":["post-62097","post","type-post","status-publish","format-standard","hentry","category-breaking-news"],"_links":{"self":[{"href":"https:\/\/www.giurgiuveanul.ro\/stiri\/wp-json\/wp\/v2\/posts\/62097","targetHints":{"allow":["GET"]}}],"collection":[{"href":"https:\/\/www.giurgiuveanul.ro\/stiri\/wp-json\/wp\/v2\/posts"}],"about":[{"href":"https:\/\/www.giurgiuveanul.ro\/stiri\/wp-json\/wp\/v2\/types\/post"}],"author":[{"embeddable":true,"href":"https:\/\/www.giurgiuveanul.ro\/stiri\/wp-json\/wp\/v2\/users\/1"}],"replies":[{"embeddable":true,"href":"https:\/\/www.giurgiuveanul.ro\/stiri\/wp-json\/wp\/v2\/comments?post=62097"}],"version-history":[{"count":0,"href":"https:\/\/www.giurgiuveanul.ro\/stiri\/wp-json\/wp\/v2\/posts\/62097\/revisions"}],"wp:attachment":[{"href":"https:\/\/www.giurgiuveanul.ro\/stiri\/wp-json\/wp\/v2\/media?parent=62097"}],"wp:term":[{"taxonomy":"category","embeddable":true,"href":"https:\/\/www.giurgiuveanul.ro\/stiri\/wp-json\/wp\/v2\/categories?post=62097"},{"taxonomy":"post_tag","embeddable":true,"href":"https:\/\/www.giurgiuveanul.ro\/stiri\/wp-json\/wp\/v2\/tags?post=62097"}],"curies":[{"name":"wp","href":"https:\/\/api.w.org\/{rel}","templated":true}]}}