{"id":62100,"date":"2019-08-19T17:44:46","date_gmt":"2019-08-19T14:44:46","guid":{"rendered":"https:\/\/www.giurgiuveanul.ro\/stiri\/?p=62100"},"modified":"2019-08-19T17:51:45","modified_gmt":"2019-08-19T14:51:45","slug":"cum-va-fi-vremea-in-urmatoarele-doua-saptamani","status":"publish","type":"post","link":"https:\/\/www.giurgiuveanul.ro\/stiri\/cum-va-fi-vremea-in-urmatoarele-doua-saptamani\/","title":{"rendered":"Cum va fi vremea \u00een urm\u0103toarele dou\u0103 s\u0103pt\u0103m\u00e2ni"},"content":{"rendered":"<p style=\"text-align: justify;\"><strong><a href=\"https:\/\/www.giurgiuveanul.ro\/stiri\/wp-content\/uploads\/2019\/08\/meteo-1-465x215.jpg\"><img loading=\"lazy\" decoding=\"async\" class=\"aligncenter size-large wp-image-62101\" src=\"https:\/\/www.giurgiuveanul.ro\/stiri\/wp-content\/uploads\/2019\/08\/meteo-1-465x215-560x313.jpg\" alt=\"meteo-1-465x215\" width=\"560\" height=\"313\" srcset=\"https:\/\/www.giurgiuveanul.ro\/stiri\/wp-content\/uploads\/2019\/08\/meteo-1-465x215-560x313.jpg 560w, https:\/\/www.giurgiuveanul.ro\/stiri\/wp-content\/uploads\/2019\/08\/meteo-1-465x215-250x140.jpg 250w, https:\/\/www.giurgiuveanul.ro\/stiri\/wp-content\/uploads\/2019\/08\/meteo-1-465x215-400x224.jpg 400w, https:\/\/www.giurgiuveanul.ro\/stiri\/wp-content\/uploads\/2019\/08\/meteo-1-465x215.jpg 649w\" sizes=\"auto, (max-width: 560px) 100vw, 560px\" \/><\/a>Vremea va fi, \u00een general,<!--more--> canicular\u0103 la nivelul \u00eentregii \u0163\u0103ri, iar precipita\u0163iile \u00een general reduse cantitativ, reiese din prognoza Administra\u0163iei Na\u0163ionale de Meteorologie, publicat\u0103, ast\u0103zi, \u015fi valabil\u0103 pentru perioada 19 august &#8211; 1 septembrie.<\/strong><\/p>\n<p style=\"text-align: justify;\">\u00cen\u00a0<strong>Muntenia<\/strong>, procesul de \u00eenc\u0103lzire a vremii va continua p\u00e2n\u0103 pe 22 august, c\u00e2nd va fi canicul\u0103, iar media maximelor se va situa \u00een jurul a 35 de grade.<\/p>\n<p style=\"text-align: justify;\">Dup\u0103 acea perioad\u0103, vremea se va r\u0103ci u\u015for \u015fi treptat, urm\u00e2nd ca \u00een data de 29 august s\u0103 se \u00eenregistreze temperaturi maxime, \u00een medie, de 30 de grade.<\/p>\n<p style=\"text-align: justify;\">P\u00e2n\u0103 la sf\u00e2r\u015fitul intervalului de prognoz\u0103, media regional\u0103 a temperaturilor maxime se va situa \u00een jurul a 31 de grade, \u00een timp ce valorile minime vor cre\u015fte p\u00e2n\u0103 la 19 grade \u00een 23, 24 \u015fi 25 august.<\/p>\n<p style=\"text-align: justify;\">Dup\u0103 aceste zile, media nocturn\u0103 va sc\u0103dea spre 15 grade \u00een data de 30 august, valoare ce se va men\u0163ine p\u00e2n\u0103 la sf\u00e2r\u015fitul intervalului de prognoz\u0103.<\/p>\n<p style=\"text-align: justify;\">Probabilitatea de apari\u0163ie a ploilor va fi redus\u0103, pe parcursul intervalului.<\/p>\n","protected":false},"excerpt":{"rendered":"<p>Vremea va fi, \u00een general,<\/p>\n","protected":false},"author":1,"featured_media":0,"comment_status":"open","ping_status":"open","sticky":false,"template":"","format":"standard","meta":{"footnotes":""},"categories":[6],"tags":[],"class_list":["post-62100","post","type-post","status-publish","format-standard","hentry","category-breaking-news"],"_links":{"self":[{"href":"https:\/\/www.giurgiuveanul.ro\/stiri\/wp-json\/wp\/v2\/posts\/62100","targetHints":{"allow":["GET"]}}],"collection":[{"href":"https:\/\/www.giurgiuveanul.ro\/stiri\/wp-json\/wp\/v2\/posts"}],"about":[{"href":"https:\/\/www.giurgiuveanul.ro\/stiri\/wp-json\/wp\/v2\/types\/post"}],"author":[{"embeddable":true,"href":"https:\/\/www.giurgiuveanul.ro\/stiri\/wp-json\/wp\/v2\/users\/1"}],"replies":[{"embeddable":true,"href":"https:\/\/www.giurgiuveanul.ro\/stiri\/wp-json\/wp\/v2\/comments?post=62100"}],"version-history":[{"count":0,"href":"https:\/\/www.giurgiuveanul.ro\/stiri\/wp-json\/wp\/v2\/posts\/62100\/revisions"}],"wp:attachment":[{"href":"https:\/\/www.giurgiuveanul.ro\/stiri\/wp-json\/wp\/v2\/media?parent=62100"}],"wp:term":[{"taxonomy":"category","embeddable":true,"href":"https:\/\/www.giurgiuveanul.ro\/stiri\/wp-json\/wp\/v2\/categories?post=62100"},{"taxonomy":"post_tag","embeddable":true,"href":"https:\/\/www.giurgiuveanul.ro\/stiri\/wp-json\/wp\/v2\/tags?post=62100"}],"curies":[{"name":"wp","href":"https:\/\/api.w.org\/{rel}","templated":true}]}}