{"id":62113,"date":"2019-08-20T11:02:15","date_gmt":"2019-08-20T08:02:15","guid":{"rendered":"https:\/\/www.giurgiuveanul.ro\/stiri\/?p=62113"},"modified":"2019-08-20T11:05:51","modified_gmt":"2019-08-20T08:05:51","slug":"la-multi-ani-domnule-comandant-adrian-anghelescu","status":"publish","type":"post","link":"https:\/\/www.giurgiuveanul.ro\/stiri\/la-multi-ani-domnule-comandant-adrian-anghelescu\/","title":{"rendered":"La Mul\u0163i Ani, domnule Comandant Adrian Anghelescu!"},"content":{"rendered":"<p style=\"text-align: justify;\"><a href=\"https:\/\/www.giurgiuveanul.ro\/stiri\/wp-content\/uploads\/2019\/08\/IMG_1829-2.jpg\"><img loading=\"lazy\" decoding=\"async\" class=\"aligncenter size-large wp-image-62116\" src=\"https:\/\/www.giurgiuveanul.ro\/stiri\/wp-content\/uploads\/2019\/08\/IMG_1829-2-472x450.jpg\" alt=\"IMG_1829-2\" width=\"472\" height=\"450\" srcset=\"https:\/\/www.giurgiuveanul.ro\/stiri\/wp-content\/uploads\/2019\/08\/IMG_1829-2-472x450.jpg 472w, https:\/\/www.giurgiuveanul.ro\/stiri\/wp-content\/uploads\/2019\/08\/IMG_1829-2-250x238.jpg 250w, https:\/\/www.giurgiuveanul.ro\/stiri\/wp-content\/uploads\/2019\/08\/IMG_1829-2-400x381.jpg 400w, https:\/\/www.giurgiuveanul.ro\/stiri\/wp-content\/uploads\/2019\/08\/IMG_1829-2.jpg 800w\" sizes=\"auto, (max-width: 472px) 100vw, 472px\" \/><\/a>Ast\u0103zi, 20 august 2019,<!--more--> un OM drag nou\u0103, giurgiuvenilor, cu o experien\u0163\u0103 de peste 15.000 de ore de zbor printre nori, petrecute cu profesionalism \u015fi z\u00e2mbetul pe buze, \u00eempline\u015fte o frumoas\u0103 v\u00e2rst\u0103.<\/p>\n<p style=\"text-align: justify;\">\u00cen primul r\u00e2nd, tot respectul pentru cariera dvs&#8230; apoi, \u00een aceast\u0103 zi luminoas\u0103 \u015fi plin\u0103 de semnifica\u0163ie, avem deosebita pl\u0103cere s\u0103 v\u0103 adres\u0103m cele mai sincere felicit\u0103ri \u015fi ur\u0103ri de bine, visele de ast\u0103zi s\u0103 devin\u0103 realitate, speran\u021bele de m\u00e2ine \u00eempliniri, iar g\u00e2ndul bun \u0219i fericirea s\u0103 v\u0103 \u00eenso\u021beasc\u0103 mereu, al\u0103turi de cei dragi!<\/p>\n<p style=\"text-align: justify;\"><em>La Mul\u0163i Ani, Captain&#8230; cer senin \u015fi zboruri line&#8230; !<\/em><\/p>\n","protected":false},"excerpt":{"rendered":"<p>Ast\u0103zi, 20 august 2019,<\/p>\n","protected":false},"author":1,"featured_media":0,"comment_status":"open","ping_status":"open","sticky":false,"template":"","format":"standard","meta":{"footnotes":""},"categories":[16],"tags":[],"class_list":["post-62113","post","type-post","status-publish","format-standard","hentry","category-astazi-e-ziua-ta"],"_links":{"self":[{"href":"https:\/\/www.giurgiuveanul.ro\/stiri\/wp-json\/wp\/v2\/posts\/62113","targetHints":{"allow":["GET"]}}],"collection":[{"href":"https:\/\/www.giurgiuveanul.ro\/stiri\/wp-json\/wp\/v2\/posts"}],"about":[{"href":"https:\/\/www.giurgiuveanul.ro\/stiri\/wp-json\/wp\/v2\/types\/post"}],"author":[{"embeddable":true,"href":"https:\/\/www.giurgiuveanul.ro\/stiri\/wp-json\/wp\/v2\/users\/1"}],"replies":[{"embeddable":true,"href":"https:\/\/www.giurgiuveanul.ro\/stiri\/wp-json\/wp\/v2\/comments?post=62113"}],"version-history":[{"count":0,"href":"https:\/\/www.giurgiuveanul.ro\/stiri\/wp-json\/wp\/v2\/posts\/62113\/revisions"}],"wp:attachment":[{"href":"https:\/\/www.giurgiuveanul.ro\/stiri\/wp-json\/wp\/v2\/media?parent=62113"}],"wp:term":[{"taxonomy":"category","embeddable":true,"href":"https:\/\/www.giurgiuveanul.ro\/stiri\/wp-json\/wp\/v2\/categories?post=62113"},{"taxonomy":"post_tag","embeddable":true,"href":"https:\/\/www.giurgiuveanul.ro\/stiri\/wp-json\/wp\/v2\/tags?post=62113"}],"curies":[{"name":"wp","href":"https:\/\/api.w.org\/{rel}","templated":true}]}}