{"id":62137,"date":"2019-08-20T18:55:25","date_gmt":"2019-08-20T15:55:25","guid":{"rendered":"https:\/\/www.giurgiuveanul.ro\/stiri\/?p=62137"},"modified":"2019-08-20T18:55:25","modified_gmt":"2019-08-20T15:55:25","slug":"tanar-giurgiuvean-prins-beat-la-volan-si-fara-permis-s-a-ales-cu-dosar-penal","status":"publish","type":"post","link":"https:\/\/www.giurgiuveanul.ro\/stiri\/tanar-giurgiuvean-prins-beat-la-volan-si-fara-permis-s-a-ales-cu-dosar-penal\/","title":{"rendered":"T\u00e2n\u0103r giurgiuvean, prins beat la volan \u0219i f\u0103r\u0103 permis. S-a ales cu dosar penal"},"content":{"rendered":"<p style=\"text-align: justify;\"><strong><a href=\"https:\/\/www.giurgiuveanul.ro\/stiri\/wp-content\/uploads\/2019\/08\/fd33c29e7d443f9cfa321537aadc44f9.jpg\"><img loading=\"lazy\" decoding=\"async\" class=\"aligncenter size-large wp-image-62138\" src=\"https:\/\/www.giurgiuveanul.ro\/stiri\/wp-content\/uploads\/2019\/08\/fd33c29e7d443f9cfa321537aadc44f9-560x350.jpg\" alt=\"fd33c29e7d443f9cfa321537aadc44f9\" width=\"560\" height=\"350\" srcset=\"https:\/\/www.giurgiuveanul.ro\/stiri\/wp-content\/uploads\/2019\/08\/fd33c29e7d443f9cfa321537aadc44f9-560x350.jpg 560w, https:\/\/www.giurgiuveanul.ro\/stiri\/wp-content\/uploads\/2019\/08\/fd33c29e7d443f9cfa321537aadc44f9-250x156.jpg 250w, https:\/\/www.giurgiuveanul.ro\/stiri\/wp-content\/uploads\/2019\/08\/fd33c29e7d443f9cfa321537aadc44f9-400x250.jpg 400w, https:\/\/www.giurgiuveanul.ro\/stiri\/wp-content\/uploads\/2019\/08\/fd33c29e7d443f9cfa321537aadc44f9.jpg 750w\" sizes=\"auto, (max-width: 560px) 100vw, 560px\" \/><\/a>Poli\u021bi\u0219tii giurgiuveni cerceteaz\u0103 un t\u00e2n\u0103r, de<!--more--> 19 ani, dup\u0103 ce a fost depistat la volanul unui autoturism, afl\u00e2ndu-se sub influen\u021ba b\u0103uturilor alcoolice \u0219i f\u0103r\u0103 s\u0103 posede permis de conducere.<\/strong><\/p>\n<p style=\"text-align: justify;\">Duminic\u0103, 18 august a.c., ora 22.40, poli\u021bi\u0219tii din cadrul Poli\u021biei ora\u0219ului Bolintin-Vale, \u00een timp ce se deplasau pe D.N. 61, \u00een comuna Buc\u0219ani, jude\u021bul Giurgiu au observat un autoturism, care se afla oprit pe partea carosabil\u0103 a D.N. 61, pentru a discuta cu mai multe persoane.<\/p>\n<p style=\"text-align: justify;\">Astfel, poli\u021bi\u0219tii au identificat \u0219oferul autoturismului, ca fiind un t\u00e2n\u0103r, de 19 ani, din comuna Vadu-Lat, jude\u021bul Giurgiu, care se afla sub influen\u021ba b\u0103uturilor alcoolice, fapt atestat de aparatul etilotest, care a indicat valoarea de 0.60 mg\/l alcool pur \u00een aerul expirat.<\/p>\n<p style=\"text-align: justify;\">De asemenea, \u00een urma verific\u0103rilor s-a stabilit faptul c\u0103 <em>t\u00e2n\u0103rul \u00een cauz\u0103 nu poseda permis de conducere pentru nicio categorie de vehicule<\/em>.<\/p>\n<p style=\"text-align: justify;\">\u00cen cauz\u0103, s-a \u00eentocmit dosar pentru sub aspectul s\u0103v\u00e2r\u0219irii infrac\u021biunilor de <strong>conducere a unui vehicul f\u0103r\u0103 a poseda permis de conducere \u015fi conducere a unui vehicul sub influen\u021ba b\u0103uturilor alcoolice<\/strong>.<\/p>\n","protected":false},"excerpt":{"rendered":"<p>Poli\u021bi\u0219tii giurgiuveni cerceteaz\u0103 un t\u00e2n\u0103r, de<\/p>\n","protected":false},"author":1,"featured_media":0,"comment_status":"open","ping_status":"open","sticky":false,"template":"","format":"standard","meta":{"footnotes":""},"categories":[6],"tags":[],"class_list":["post-62137","post","type-post","status-publish","format-standard","hentry","category-breaking-news"],"_links":{"self":[{"href":"https:\/\/www.giurgiuveanul.ro\/stiri\/wp-json\/wp\/v2\/posts\/62137","targetHints":{"allow":["GET"]}}],"collection":[{"href":"https:\/\/www.giurgiuveanul.ro\/stiri\/wp-json\/wp\/v2\/posts"}],"about":[{"href":"https:\/\/www.giurgiuveanul.ro\/stiri\/wp-json\/wp\/v2\/types\/post"}],"author":[{"embeddable":true,"href":"https:\/\/www.giurgiuveanul.ro\/stiri\/wp-json\/wp\/v2\/users\/1"}],"replies":[{"embeddable":true,"href":"https:\/\/www.giurgiuveanul.ro\/stiri\/wp-json\/wp\/v2\/comments?post=62137"}],"version-history":[{"count":0,"href":"https:\/\/www.giurgiuveanul.ro\/stiri\/wp-json\/wp\/v2\/posts\/62137\/revisions"}],"wp:attachment":[{"href":"https:\/\/www.giurgiuveanul.ro\/stiri\/wp-json\/wp\/v2\/media?parent=62137"}],"wp:term":[{"taxonomy":"category","embeddable":true,"href":"https:\/\/www.giurgiuveanul.ro\/stiri\/wp-json\/wp\/v2\/categories?post=62137"},{"taxonomy":"post_tag","embeddable":true,"href":"https:\/\/www.giurgiuveanul.ro\/stiri\/wp-json\/wp\/v2\/tags?post=62137"}],"curies":[{"name":"wp","href":"https:\/\/api.w.org\/{rel}","templated":true}]}}